{"id":1024,"date":"2024-11-22T01:19:06","date_gmt":"2024-11-22T00:19:06","guid":{"rendered":"https:\/\/dev.datagrandest.fr\/site\/actualite\/loccupation-du-sol-grand-est-le-referentiel-au-service-de-vos-territoires\/"},"modified":"2025-11-25T10:17:50","modified_gmt":"2025-11-25T09:17:50","slug":"loccupation-du-sol-grand-est-le-referentiel-au-service-de-vos-territoires","status":"publish","type":"actualite","link":"https:\/\/www.datagrandest.fr\/site\/actualite\/loccupation-du-sol-grand-est-le-referentiel-au-service-de-vos-territoires\/","title":{"rendered":"L\u2019Occupation du Sol Grand Est, le r\u00e9f\u00e9rentiel au service de vos territoires"},"template":"","meta":{"_acf_changed":false,"_relevanssi_hide_post":"","_relevanssi_hide_content":"","_relevanssi_pin_for_all":"","_relevanssi_pin_keywords":"","_relevanssi_unpin_keywords":"","_relevanssi_related_keywords":"","_relevanssi_related_include_ids":"","_relevanssi_related_exclude_ids":"","_relevanssi_related_no_append":"","_relevanssi_related_not_related":"","_relevanssi_related_posts":"","_relevanssi_noindex_reason":""},"source":[],"thematique_globale":[],"class_list":["post-1024","actualite","type-actualite","status-publish","hentry"],"acf":{"glo_image":1025,"glo_intro":"","glo_car_surcharge_titre":"","glo_car_surcharge_lien":"","cms_contenus_flexibles":[{"acf_fc_layout":"flex_texte_libre","show_title":false,"titre_de_section":"","contenu":"<h3>L\u2019Occupation du Sol Grand Est, le r\u00e9f\u00e9rentiel au service de vos territoires<\/h3>\r\nRetour sur la journ\u00e9e du 15 octobre 2024 qui a permis \u00e0 plus de 140 participants, am\u00e9nageurs, techniciens et \u00e9lus de d\u00e9couvrir un panel de services cl\u00e9s en main et des donn\u00e9es accessibles \u00e0 tous en appui aux projets d\u2019am\u00e9nagement et de d\u00e9veloppement durables des territoires.\r\n\r\n&nbsp;\r\n<ul>\r\n \t<li>Retrouvez la synth\u00e8se et les contenus de la journ\u00e9e <a href=\"\/site\/fr\/ressources\/donnees-doccupation-du-sol-du-grand-est\"> ici <\/a><\/li>\r\n \t<li>Acc\u00e9dez aux services d\u2019exploration de l\u2019OCS Grand Est,\u202f <a href=\"https:\/\/ocs.datagrandest.fr\/explorer\/region\/44\/2010\/2021\/1%20\"> pr\u00eats \u00e0 l\u2019emploi <\/a><\/li>\r\n \t<li>Consultez tous les produits de l\u2019OCS Grand Est <a href=\"\/site\/fr\/projets\/occupation-du-sol-grand-est%20\"> (documentation, services \u00e0 consulter, donn\u00e9es \u00e0 t\u00e9l\u00e9charger) <\/a><\/li>\r\n<\/ul>\r\n<a>\u00a0 <\/a>\r\n\r\nVous avez une question\u202f? N'h\u00e9sitez pas \u00e0 <a href=\"\/site\/fr\/form\/contactez-nous\">nous contacter<\/a>.\r\n\r\n&nbsp;","couleur_de_fond":"transparent","taille_de_la_zone":"large-content","position_texte":"center","image_de_fond":""}]},"yoast_head":"<!-- This site is optimized with the Yoast SEO plugin v27.4 - https:\/\/yoast.com\/product\/yoast-seo-wordpress\/ -->\n<title>L\u2019Occupation du Sol Grand Est, le r\u00e9f\u00e9rentiel au service de vos territoires - DataGrandEst<\/title>\n<meta name=\"robots\" content=\"index, follow, max-snippet:-1, max-image-preview:large, max-video-preview:-1\" \/>\n<link rel=\"canonical\" href=\"https:\/\/www.datagrandest.fr\/site\/actualite\/loccupation-du-sol-grand-est-le-referentiel-au-service-de-vos-territoires\/\" \/>\n<meta property=\"og:locale\" content=\"fr_FR\" \/>\n<meta property=\"og:type\" content=\"article\" \/>\n<meta property=\"og:title\" content=\"L\u2019Occupation du Sol Grand Est, le r\u00e9f\u00e9rentiel au service de vos territoires - DataGrandEst\" \/>\n<meta property=\"og:url\" content=\"https:\/\/www.datagrandest.fr\/site\/actualite\/loccupation-du-sol-grand-est-le-referentiel-au-service-de-vos-territoires\/\" \/>\n<meta property=\"og:site_name\" content=\"DataGrandEst\" \/>\n<meta property=\"article:modified_time\" content=\"2025-11-25T09:17:50+00:00\" \/>\n<meta name=\"twitter:card\" content=\"summary_large_image\" \/>\n<meta name=\"twitter:label1\" content=\"Dur\u00e9e de lecture estim\u00e9e\" \/>\n\t<meta name=\"twitter:data1\" content=\"1 minute\" \/>\n<script type=\"application\/ld+json\" class=\"yoast-schema-graph\">{\"@context\":\"https:\\\/\\\/schema.org\",\"@graph\":[{\"@type\":\"WebPage\",\"@id\":\"https:\\\/\\\/www.datagrandest.fr\\\/site\\\/actualite\\\/loccupation-du-sol-grand-est-le-referentiel-au-service-de-vos-territoires\\\/\",\"url\":\"https:\\\/\\\/www.datagrandest.fr\\\/site\\\/actualite\\\/loccupation-du-sol-grand-est-le-referentiel-au-service-de-vos-territoires\\\/\",\"name\":\"L\u2019Occupation du Sol Grand Est, le r\u00e9f\u00e9rentiel au service de vos territoires - DataGrandEst\",\"isPartOf\":{\"@id\":\"https:\\\/\\\/www.datagrandest.fr\\\/site\\\/#website\"},\"datePublished\":\"2024-11-22T00:19:06+00:00\",\"dateModified\":\"2025-11-25T09:17:50+00:00\",\"breadcrumb\":{\"@id\":\"https:\\\/\\\/www.datagrandest.fr\\\/site\\\/actualite\\\/loccupation-du-sol-grand-est-le-referentiel-au-service-de-vos-territoires\\\/#breadcrumb\"},\"inLanguage\":\"fr-FR\",\"potentialAction\":[{\"@type\":\"ReadAction\",\"target\":[\"https:\\\/\\\/www.datagrandest.fr\\\/site\\\/actualite\\\/loccupation-du-sol-grand-est-le-referentiel-au-service-de-vos-territoires\\\/\"]}]},{\"@type\":\"BreadcrumbList\",\"@id\":\"https:\\\/\\\/www.datagrandest.fr\\\/site\\\/actualite\\\/loccupation-du-sol-grand-est-le-referentiel-au-service-de-vos-territoires\\\/#breadcrumb\",\"itemListElement\":[{\"@type\":\"ListItem\",\"position\":1,\"name\":\"Accueil\",\"item\":\"https:\\\/\\\/www.datagrandest.fr\\\/site\\\/\"},{\"@type\":\"ListItem\",\"position\":2,\"name\":\"Actualit\u00e9s\",\"item\":\"https:\\\/\\\/www.datagrandest.fr\\\/site\\\/actualite\\\/\"},{\"@type\":\"ListItem\",\"position\":3,\"name\":\"L\u2019Occupation du Sol Grand Est, le r\u00e9f\u00e9rentiel au service de vos territoires\"}]},{\"@type\":\"WebSite\",\"@id\":\"https:\\\/\\\/www.datagrandest.fr\\\/site\\\/#website\",\"url\":\"https:\\\/\\\/www.datagrandest.fr\\\/site\\\/\",\"name\":\"DataGrandEst\",\"description\":\"\",\"potentialAction\":[{\"@type\":\"SearchAction\",\"target\":{\"@type\":\"EntryPoint\",\"urlTemplate\":\"https:\\\/\\\/www.datagrandest.fr\\\/site\\\/?s={search_term_string}\"},\"query-input\":{\"@type\":\"PropertyValueSpecification\",\"valueRequired\":true,\"valueName\":\"search_term_string\"}}],\"inLanguage\":\"fr-FR\"}]}<\/script>\n<!-- \/ Yoast SEO plugin. -->","yoast_head_json":{"title":"L\u2019Occupation du Sol Grand Est, le r\u00e9f\u00e9rentiel au service de vos territoires - DataGrandEst","robots":{"index":"index","follow":"follow","max-snippet":"max-snippet:-1","max-image-preview":"max-image-preview:large","max-video-preview":"max-video-preview:-1"},"canonical":"https:\/\/www.datagrandest.fr\/site\/actualite\/loccupation-du-sol-grand-est-le-referentiel-au-service-de-vos-territoires\/","og_locale":"fr_FR","og_type":"article","og_title":"L\u2019Occupation du Sol Grand Est, le r\u00e9f\u00e9rentiel au service de vos territoires - DataGrandEst","og_url":"https:\/\/www.datagrandest.fr\/site\/actualite\/loccupation-du-sol-grand-est-le-referentiel-au-service-de-vos-territoires\/","og_site_name":"DataGrandEst","article_modified_time":"2025-11-25T09:17:50+00:00","twitter_card":"summary_large_image","twitter_misc":{"Dur\u00e9e de lecture estim\u00e9e":"1 minute"},"schema":{"@context":"https:\/\/schema.org","@graph":[{"@type":"WebPage","@id":"https:\/\/www.datagrandest.fr\/site\/actualite\/loccupation-du-sol-grand-est-le-referentiel-au-service-de-vos-territoires\/","url":"https:\/\/www.datagrandest.fr\/site\/actualite\/loccupation-du-sol-grand-est-le-referentiel-au-service-de-vos-territoires\/","name":"L\u2019Occupation du Sol Grand Est, le r\u00e9f\u00e9rentiel au service de vos territoires - DataGrandEst","isPartOf":{"@id":"https:\/\/www.datagrandest.fr\/site\/#website"},"datePublished":"2024-11-22T00:19:06+00:00","dateModified":"2025-11-25T09:17:50+00:00","breadcrumb":{"@id":"https:\/\/www.datagrandest.fr\/site\/actualite\/loccupation-du-sol-grand-est-le-referentiel-au-service-de-vos-territoires\/#breadcrumb"},"inLanguage":"fr-FR","potentialAction":[{"@type":"ReadAction","target":["https:\/\/www.datagrandest.fr\/site\/actualite\/loccupation-du-sol-grand-est-le-referentiel-au-service-de-vos-territoires\/"]}]},{"@type":"BreadcrumbList","@id":"https:\/\/www.datagrandest.fr\/site\/actualite\/loccupation-du-sol-grand-est-le-referentiel-au-service-de-vos-territoires\/#breadcrumb","itemListElement":[{"@type":"ListItem","position":1,"name":"Accueil","item":"https:\/\/www.datagrandest.fr\/site\/"},{"@type":"ListItem","position":2,"name":"Actualit\u00e9s","item":"https:\/\/www.datagrandest.fr\/site\/actualite\/"},{"@type":"ListItem","position":3,"name":"L\u2019Occupation du Sol Grand Est, le r\u00e9f\u00e9rentiel au service de vos territoires"}]},{"@type":"WebSite","@id":"https:\/\/www.datagrandest.fr\/site\/#website","url":"https:\/\/www.datagrandest.fr\/site\/","name":"DataGrandEst","description":"","potentialAction":[{"@type":"SearchAction","target":{"@type":"EntryPoint","urlTemplate":"https:\/\/www.datagrandest.fr\/site\/?s={search_term_string}"},"query-input":{"@type":"PropertyValueSpecification","valueRequired":true,"valueName":"search_term_string"}}],"inLanguage":"fr-FR"}]}},"_links":{"self":[{"href":"https:\/\/www.datagrandest.fr\/site\/wp-json\/wp\/v2\/actualite\/1024","targetHints":{"allow":["GET"]}}],"collection":[{"href":"https:\/\/www.datagrandest.fr\/site\/wp-json\/wp\/v2\/actualite"}],"about":[{"href":"https:\/\/www.datagrandest.fr\/site\/wp-json\/wp\/v2\/types\/actualite"}],"version-history":[{"count":1,"href":"https:\/\/www.datagrandest.fr\/site\/wp-json\/wp\/v2\/actualite\/1024\/revisions"}],"predecessor-version":[{"id":1026,"href":"https:\/\/www.datagrandest.fr\/site\/wp-json\/wp\/v2\/actualite\/1024\/revisions\/1026"}],"wp:attachment":[{"href":"https:\/\/www.datagrandest.fr\/site\/wp-json\/wp\/v2\/media?parent=1024"}],"wp:term":[{"taxonomy":"source","embeddable":true,"href":"https:\/\/www.datagrandest.fr\/site\/wp-json\/wp\/v2\/source?post=1024"},{"taxonomy":"thematique_globale","embeddable":true,"href":"https:\/\/www.datagrandest.fr\/site\/wp-json\/wp\/v2\/thematique_globale?post=1024"}],"curies":[{"name":"wp","href":"https:\/\/api.w.org\/{rel}","templated":true}]}}