{"id":1039,"date":"2024-02-21T10:37:45","date_gmt":"2024-02-21T09:37:45","guid":{"rendered":"https:\/\/dev.datagrandest.fr\/site\/actualite\/le-3e-millesime-de-loccupation-du-sol-du-grand-est-arrive\/"},"modified":"2025-11-25T10:38:20","modified_gmt":"2025-11-25T09:38:20","slug":"le-3e-millesime-de-loccupation-du-sol-du-grand-est-arrive","status":"publish","type":"actualite","link":"https:\/\/www.datagrandest.fr\/site\/actualite\/le-3e-millesime-de-loccupation-du-sol-du-grand-est-arrive\/","title":{"rendered":"Le 3e mill\u00e9sime de l\u2019occupation du sol du Grand Est arrive !"},"template":"","meta":{"_acf_changed":false,"_relevanssi_hide_post":"","_relevanssi_hide_content":"","_relevanssi_pin_for_all":"","_relevanssi_pin_keywords":"","_relevanssi_unpin_keywords":"","_relevanssi_related_keywords":"","_relevanssi_related_include_ids":"","_relevanssi_related_exclude_ids":"","_relevanssi_related_no_append":"","_relevanssi_related_not_related":"","_relevanssi_related_posts":"","_relevanssi_noindex_reason":""},"source":[],"thematique_globale":[],"class_list":["post-1039","actualite","type-actualite","status-publish","hentry"],"acf":{"glo_image":994,"glo_intro":"","glo_car_surcharge_titre":"","glo_car_surcharge_lien":"","cms_contenus_flexibles":[{"acf_fc_layout":"flex_texte_libre","show_title":false,"titre_de_section":"","contenu":"&nbsp;\r\n\r\nDans le cadre de DataGrandEst, un projet mutualis\u00e9 de production d\u2019occupation du sol \u00e0 grand \u00e9chelle a \u00e9t\u00e9 mis en place. Pour le mener \u00e0 bien, un groupe de travail d\u00e9di\u00e9 a co-construit un ensemble de produits de r\u00e9f\u00e9rence.\r\n\r\nVous pouvez d\u00e8s maintenant t\u00e9l\u00e9charger les donn\u00e9es et consulter les m\u00e9tadonn\u00e9es du 3e mill\u00e9sime qui vient d'\u00eatre finalis\u00e9.\r\n\r\n&nbsp;\r\n<ul>\r\n \t<li>08 - <a href=\"https:\/\/www.datagrandest.fr\/data4citizen\/visualisation\/information\/?id=fr-200052264-gge-ocs-grand-est-d08\">Ardennes<\/a><\/li>\r\n \t<li>51 - <a href=\"https:\/\/www.datagrandest.fr\/data4citizen\/visualisation\/information\/?id=fr-200052264-gge-ocs-grand-est-d51\">Marne<\/a><\/li>\r\n<\/ul>\r\n<ul>\r\n \t<li>54 - <a href=\"https:\/\/www.datagrandest.fr\/data4citizen\/visualisation\/information\/?id=fr-200052264-gge-ocs-grand-est-d54\">Meurthe-et-Moselle<\/a><\/li>\r\n \t<li>55 - <a href=\"https:\/\/www.datagrandest.fr\/data4citizen\/visualisation\/information\/?id=fr-200052264-gge-ocs-grand-est-d55\">Meuse<\/a><\/li>\r\n \t<li>57 - <a href=\"https:\/\/www.datagrandest.fr\/data4citizen\/visualisation\/information\/?id=fr-200052264-gge-ocs-grand-est-d57\">Moselle<\/a><\/li>\r\n \t<li>88 - <a href=\"https:\/\/www.datagrandest.fr\/data4citizen\/visualisation\/information\/?id=fr-200052264-gge-ocs-grand-est-d88\">Vosges<\/a><\/li>\r\n<\/ul>\r\n<ul>\r\n \t<li>67 - <a href=\"https:\/\/www.datagrandest.fr\/data4citizen\/visualisation\/information\/?id=fr-200052264-gge-ocs-grand-est-d67\">Bas-Rhin<\/a>\u00a0publi\u00e9 depuis le 15 f\u00e9vrier<\/li>\r\n \t<li>68 - <a href=\"https:\/\/www.datagrandest.fr\/data4citizen\/visualisation\/information\/?id=fr-200052264-gge-ocs-grand-est-d68\">Haut-Rhin<\/a><\/li>\r\n<\/ul>\r\n&nbsp;\r\n\r\nL\u2019ensemble des donn\u00e9es (shp, GPKG projet QGZ, MXD, documentations, m\u00e9tadonn\u00e9es) sont accessibles dans un dossier.zip \u00a0ou sur la page du <a href=\"\/site\/fr\/projets\/occupation-du-sol#donnees\">projet<\/a>.\r\n\r\nLes d\u00e9partements de\r\n<ul>\r\n \t<li>10 - L\u2019Aube<\/li>\r\n \t<li>\u00a052 - La Haute-Marne<\/li>\r\n<\/ul>\r\nseront disponibles \u00e0 l\u2019horizon de la fin de mois de mars si le contr\u00f4le des partenaires et externes le permet.\r\n\r\n&nbsp;\r\n\r\n<strong>La publication des donn\u00e9es finales est conditionn\u00e9e \u00e0 la production compl\u00e8te des donn\u00e9es \u00e0 l\u2019\u00e9chelle du Grand Est.<\/strong>\r\n\r\nL\u2019assemblage des donn\u00e9es \u00e0 l\u2019\u00e9chelle du Grand Est sera l\u2019opportunit\u00e9 pour le producteur de faire un ensemble de v\u00e9rifications, de prendre en compte vos retours et de garantir une qualit\u00e9 des donn\u00e9es optimis\u00e9e.\r\n\r\n&nbsp;\r\n\r\n&nbsp;","couleur_de_fond":"transparent","taille_de_la_zone":"large-content","position_texte":"center","image_de_fond":""}]},"yoast_head":"<!-- This site is optimized with the Yoast SEO plugin v27.4 - https:\/\/yoast.com\/product\/yoast-seo-wordpress\/ -->\n<title>Le 3e mill\u00e9sime de l\u2019occupation du sol du Grand Est arrive ! - DataGrandEst<\/title>\n<meta name=\"robots\" content=\"index, follow, max-snippet:-1, max-image-preview:large, max-video-preview:-1\" \/>\n<link rel=\"canonical\" href=\"https:\/\/www.datagrandest.fr\/site\/actualite\/le-3e-millesime-de-loccupation-du-sol-du-grand-est-arrive\/\" \/>\n<meta property=\"og:locale\" content=\"fr_FR\" \/>\n<meta property=\"og:type\" content=\"article\" \/>\n<meta property=\"og:title\" content=\"Le 3e mill\u00e9sime de l\u2019occupation du sol du Grand Est arrive ! - DataGrandEst\" \/>\n<meta property=\"og:url\" content=\"https:\/\/www.datagrandest.fr\/site\/actualite\/le-3e-millesime-de-loccupation-du-sol-du-grand-est-arrive\/\" \/>\n<meta property=\"og:site_name\" content=\"DataGrandEst\" \/>\n<meta property=\"article:modified_time\" content=\"2025-11-25T09:38:20+00:00\" \/>\n<meta name=\"twitter:card\" content=\"summary_large_image\" \/>\n<meta name=\"twitter:label1\" content=\"Dur\u00e9e de lecture estim\u00e9e\" \/>\n\t<meta name=\"twitter:data1\" content=\"2 minutes\" \/>\n<script type=\"application\/ld+json\" class=\"yoast-schema-graph\">{\"@context\":\"https:\\\/\\\/schema.org\",\"@graph\":[{\"@type\":\"WebPage\",\"@id\":\"https:\\\/\\\/www.datagrandest.fr\\\/site\\\/actualite\\\/le-3e-millesime-de-loccupation-du-sol-du-grand-est-arrive\\\/\",\"url\":\"https:\\\/\\\/www.datagrandest.fr\\\/site\\\/actualite\\\/le-3e-millesime-de-loccupation-du-sol-du-grand-est-arrive\\\/\",\"name\":\"Le 3e mill\u00e9sime de l\u2019occupation du sol du Grand Est arrive ! - DataGrandEst\",\"isPartOf\":{\"@id\":\"https:\\\/\\\/www.datagrandest.fr\\\/site\\\/#website\"},\"datePublished\":\"2024-02-21T09:37:45+00:00\",\"dateModified\":\"2025-11-25T09:38:20+00:00\",\"breadcrumb\":{\"@id\":\"https:\\\/\\\/www.datagrandest.fr\\\/site\\\/actualite\\\/le-3e-millesime-de-loccupation-du-sol-du-grand-est-arrive\\\/#breadcrumb\"},\"inLanguage\":\"fr-FR\",\"potentialAction\":[{\"@type\":\"ReadAction\",\"target\":[\"https:\\\/\\\/www.datagrandest.fr\\\/site\\\/actualite\\\/le-3e-millesime-de-loccupation-du-sol-du-grand-est-arrive\\\/\"]}]},{\"@type\":\"BreadcrumbList\",\"@id\":\"https:\\\/\\\/www.datagrandest.fr\\\/site\\\/actualite\\\/le-3e-millesime-de-loccupation-du-sol-du-grand-est-arrive\\\/#breadcrumb\",\"itemListElement\":[{\"@type\":\"ListItem\",\"position\":1,\"name\":\"Accueil\",\"item\":\"https:\\\/\\\/www.datagrandest.fr\\\/site\\\/\"},{\"@type\":\"ListItem\",\"position\":2,\"name\":\"Actualit\u00e9s\",\"item\":\"https:\\\/\\\/www.datagrandest.fr\\\/site\\\/actualite\\\/\"},{\"@type\":\"ListItem\",\"position\":3,\"name\":\"Le 3e mill\u00e9sime de l\u2019occupation du sol du Grand Est arrive !\"}]},{\"@type\":\"WebSite\",\"@id\":\"https:\\\/\\\/www.datagrandest.fr\\\/site\\\/#website\",\"url\":\"https:\\\/\\\/www.datagrandest.fr\\\/site\\\/\",\"name\":\"DataGrandEst\",\"description\":\"\",\"potentialAction\":[{\"@type\":\"SearchAction\",\"target\":{\"@type\":\"EntryPoint\",\"urlTemplate\":\"https:\\\/\\\/www.datagrandest.fr\\\/site\\\/?s={search_term_string}\"},\"query-input\":{\"@type\":\"PropertyValueSpecification\",\"valueRequired\":true,\"valueName\":\"search_term_string\"}}],\"inLanguage\":\"fr-FR\"}]}<\/script>\n<!-- \/ Yoast SEO plugin. -->","yoast_head_json":{"title":"Le 3e mill\u00e9sime de l\u2019occupation du sol du Grand Est arrive ! - DataGrandEst","robots":{"index":"index","follow":"follow","max-snippet":"max-snippet:-1","max-image-preview":"max-image-preview:large","max-video-preview":"max-video-preview:-1"},"canonical":"https:\/\/www.datagrandest.fr\/site\/actualite\/le-3e-millesime-de-loccupation-du-sol-du-grand-est-arrive\/","og_locale":"fr_FR","og_type":"article","og_title":"Le 3e mill\u00e9sime de l\u2019occupation du sol du Grand Est arrive ! - DataGrandEst","og_url":"https:\/\/www.datagrandest.fr\/site\/actualite\/le-3e-millesime-de-loccupation-du-sol-du-grand-est-arrive\/","og_site_name":"DataGrandEst","article_modified_time":"2025-11-25T09:38:20+00:00","twitter_card":"summary_large_image","twitter_misc":{"Dur\u00e9e de lecture estim\u00e9e":"2 minutes"},"schema":{"@context":"https:\/\/schema.org","@graph":[{"@type":"WebPage","@id":"https:\/\/www.datagrandest.fr\/site\/actualite\/le-3e-millesime-de-loccupation-du-sol-du-grand-est-arrive\/","url":"https:\/\/www.datagrandest.fr\/site\/actualite\/le-3e-millesime-de-loccupation-du-sol-du-grand-est-arrive\/","name":"Le 3e mill\u00e9sime de l\u2019occupation du sol du Grand Est arrive ! - DataGrandEst","isPartOf":{"@id":"https:\/\/www.datagrandest.fr\/site\/#website"},"datePublished":"2024-02-21T09:37:45+00:00","dateModified":"2025-11-25T09:38:20+00:00","breadcrumb":{"@id":"https:\/\/www.datagrandest.fr\/site\/actualite\/le-3e-millesime-de-loccupation-du-sol-du-grand-est-arrive\/#breadcrumb"},"inLanguage":"fr-FR","potentialAction":[{"@type":"ReadAction","target":["https:\/\/www.datagrandest.fr\/site\/actualite\/le-3e-millesime-de-loccupation-du-sol-du-grand-est-arrive\/"]}]},{"@type":"BreadcrumbList","@id":"https:\/\/www.datagrandest.fr\/site\/actualite\/le-3e-millesime-de-loccupation-du-sol-du-grand-est-arrive\/#breadcrumb","itemListElement":[{"@type":"ListItem","position":1,"name":"Accueil","item":"https:\/\/www.datagrandest.fr\/site\/"},{"@type":"ListItem","position":2,"name":"Actualit\u00e9s","item":"https:\/\/www.datagrandest.fr\/site\/actualite\/"},{"@type":"ListItem","position":3,"name":"Le 3e mill\u00e9sime de l\u2019occupation du sol du Grand Est arrive !"}]},{"@type":"WebSite","@id":"https:\/\/www.datagrandest.fr\/site\/#website","url":"https:\/\/www.datagrandest.fr\/site\/","name":"DataGrandEst","description":"","potentialAction":[{"@type":"SearchAction","target":{"@type":"EntryPoint","urlTemplate":"https:\/\/www.datagrandest.fr\/site\/?s={search_term_string}"},"query-input":{"@type":"PropertyValueSpecification","valueRequired":true,"valueName":"search_term_string"}}],"inLanguage":"fr-FR"}]}},"_links":{"self":[{"href":"https:\/\/www.datagrandest.fr\/site\/wp-json\/wp\/v2\/actualite\/1039","targetHints":{"allow":["GET"]}}],"collection":[{"href":"https:\/\/www.datagrandest.fr\/site\/wp-json\/wp\/v2\/actualite"}],"about":[{"href":"https:\/\/www.datagrandest.fr\/site\/wp-json\/wp\/v2\/types\/actualite"}],"version-history":[{"count":2,"href":"https:\/\/www.datagrandest.fr\/site\/wp-json\/wp\/v2\/actualite\/1039\/revisions"}],"predecessor-version":[{"id":2599,"href":"https:\/\/www.datagrandest.fr\/site\/wp-json\/wp\/v2\/actualite\/1039\/revisions\/2599"}],"wp:attachment":[{"href":"https:\/\/www.datagrandest.fr\/site\/wp-json\/wp\/v2\/media?parent=1039"}],"wp:term":[{"taxonomy":"source","embeddable":true,"href":"https:\/\/www.datagrandest.fr\/site\/wp-json\/wp\/v2\/source?post=1039"},{"taxonomy":"thematique_globale","embeddable":true,"href":"https:\/\/www.datagrandest.fr\/site\/wp-json\/wp\/v2\/thematique_globale?post=1039"}],"curies":[{"name":"wp","href":"https:\/\/api.w.org\/{rel}","templated":true}]}}