{"id":1045,"date":"2023-08-25T09:00:23","date_gmt":"2023-08-25T07:00:23","guid":{"rendered":"https:\/\/dev.datagrandest.fr\/site\/actualite\/lequipe-datagrandest-recherche-un-chef-de-projet-donnees-sig\/"},"modified":"2026-04-16T12:18:11","modified_gmt":"2026-04-16T10:18:11","slug":"lequipe-datagrandest-recherche-un-chef-de-projet-donnees-sig","status":"publish","type":"actualite","link":"https:\/\/www.datagrandest.fr\/site\/actualite\/lequipe-datagrandest-recherche-un-chef-de-projet-donnees-sig\/","title":{"rendered":"L&rsquo;\u00e9quipe DataGrandEst recherche  un chef de projet donn\u00e9es \/SIG"},"template":"","meta":{"_acf_changed":false,"_relevanssi_hide_post":"","_relevanssi_hide_content":"","_relevanssi_pin_for_all":"","_relevanssi_pin_keywords":"","_relevanssi_unpin_keywords":"","_relevanssi_related_keywords":"","_relevanssi_related_include_ids":"","_relevanssi_related_exclude_ids":"","_relevanssi_related_no_append":"","_relevanssi_related_not_related":"","_relevanssi_related_posts":"","_relevanssi_noindex_reason":""},"source":[],"thematique_globale":[],"class_list":["post-1045","actualite","type-actualite","status-publish","hentry"],"acf":{"glo_image":1046,"glo_intro":"","glo_car_surcharge_titre":"","glo_car_surcharge_lien":"","cms_contenus_flexibles":[{"acf_fc_layout":"flex_texte_libre","show_title":false,"titre_de_section":"","contenu":"&nbsp;\r\n<h3>A la recherche de notre nouvelle ou nouveau coll\u00e8gue<\/h3>\r\nLa R\u00e9gion Grand Est recrute un chef de projet donn\u00e9es \/SIG pour compl\u00e9ter l\u2019\u00e9quipe DataGrandEst, le service public de la donn\u00e9e pour le partage, la mutualisation et la valorisation au service des politiques publiques du Grand Est.\r\n\r\nVous \u00e9voluerez au sein d\u2019une \u00e9quipe dynamique, accueillante, dans une ambiance apprenante et dans un cadre r\u00e9solument partenarial.\r\n\r\n&nbsp;\r\n<h3>En quoi consisteront vos t\u00e2ches<\/h3>\r\nLa fiche de poste est accessible sur <a href=\"http:\/\/oscar-grandest-career.talent-soft.com\/offre-de-emploi\/emploi-chef-de-projet-donnees-h-f_1097.aspx\">le site de la R\u00e9gion Grand Est<\/a>.\r\n<ul>\r\n \t<li>Elle est ouverte jusqu\u2019au 27 septembre.<\/li>\r\n \t<li>Il convient de <strong>postuler directement via l\u2019annonce<\/strong>, mais si\u00a0vous souhaitez plus d\u2018informations avant d'envoyer votre CV, n'h\u00e9sitez pas \u00e0 <a href=\"https:\/\/www.datagrandest.fr\/site\/contact\/\">nous contacter<\/a><\/li>\r\n \t<li>Le poste peut \u00eatre localis\u00e9 \u00e0 Strasbourg, Metz ou Ch\u00e2lons en Champagne.<\/li>\r\n \t<li>Au-del\u00e0 du r\u00e9gime indemnitaire (RIFSEEP, CIA,\u2026), la R\u00e9gion Grand Est propose \u00e0 ses agents des avantages sociaux (compl\u00e9mentaire sant\u00e9, maintien de salaire, Amicale, CNAS,\u2026).<\/li>\r\n<\/ul>\r\n&nbsp;\r\n\r\nM\u00eame sans exp\u00e9rience, tentez votre chance.\r\n\r\nInt\u00e9ress\u00e9 ? A vous de jouer !\r\n\r\n&nbsp;\r\n\r\n&nbsp;","couleur_de_fond":"transparent","taille_de_la_zone":"large-content","position_texte":"center","image_de_fond":""}]},"yoast_head":"<!-- This site is optimized with the Yoast SEO plugin v27.4 - https:\/\/yoast.com\/product\/yoast-seo-wordpress\/ -->\n<title>L&#039;\u00e9quipe DataGrandEst recherche un chef de projet donn\u00e9es \/SIG - DataGrandEst<\/title>\n<meta name=\"robots\" content=\"index, follow, max-snippet:-1, max-image-preview:large, max-video-preview:-1\" \/>\n<link rel=\"canonical\" href=\"https:\/\/www.datagrandest.fr\/site\/actualite\/lequipe-datagrandest-recherche-un-chef-de-projet-donnees-sig\/\" \/>\n<meta property=\"og:locale\" content=\"fr_FR\" \/>\n<meta property=\"og:type\" content=\"article\" \/>\n<meta property=\"og:title\" content=\"L&#039;\u00e9quipe DataGrandEst recherche un chef de projet donn\u00e9es \/SIG - DataGrandEst\" \/>\n<meta property=\"og:url\" content=\"https:\/\/www.datagrandest.fr\/site\/actualite\/lequipe-datagrandest-recherche-un-chef-de-projet-donnees-sig\/\" \/>\n<meta property=\"og:site_name\" content=\"DataGrandEst\" \/>\n<meta property=\"article:modified_time\" content=\"2026-04-16T10:18:11+00:00\" \/>\n<meta name=\"twitter:card\" content=\"summary_large_image\" \/>\n<meta name=\"twitter:label1\" content=\"Dur\u00e9e de lecture estim\u00e9e\" \/>\n\t<meta name=\"twitter:data1\" content=\"2 minutes\" \/>\n<script type=\"application\/ld+json\" class=\"yoast-schema-graph\">{\"@context\":\"https:\\\/\\\/schema.org\",\"@graph\":[{\"@type\":\"WebPage\",\"@id\":\"https:\\\/\\\/www.datagrandest.fr\\\/site\\\/actualite\\\/lequipe-datagrandest-recherche-un-chef-de-projet-donnees-sig\\\/\",\"url\":\"https:\\\/\\\/www.datagrandest.fr\\\/site\\\/actualite\\\/lequipe-datagrandest-recherche-un-chef-de-projet-donnees-sig\\\/\",\"name\":\"L'\u00e9quipe DataGrandEst recherche un chef de projet donn\u00e9es \\\/SIG - DataGrandEst\",\"isPartOf\":{\"@id\":\"https:\\\/\\\/www.datagrandest.fr\\\/site\\\/#website\"},\"datePublished\":\"2023-08-25T07:00:23+00:00\",\"dateModified\":\"2026-04-16T10:18:11+00:00\",\"breadcrumb\":{\"@id\":\"https:\\\/\\\/www.datagrandest.fr\\\/site\\\/actualite\\\/lequipe-datagrandest-recherche-un-chef-de-projet-donnees-sig\\\/#breadcrumb\"},\"inLanguage\":\"fr-FR\",\"potentialAction\":[{\"@type\":\"ReadAction\",\"target\":[\"https:\\\/\\\/www.datagrandest.fr\\\/site\\\/actualite\\\/lequipe-datagrandest-recherche-un-chef-de-projet-donnees-sig\\\/\"]}]},{\"@type\":\"BreadcrumbList\",\"@id\":\"https:\\\/\\\/www.datagrandest.fr\\\/site\\\/actualite\\\/lequipe-datagrandest-recherche-un-chef-de-projet-donnees-sig\\\/#breadcrumb\",\"itemListElement\":[{\"@type\":\"ListItem\",\"position\":1,\"name\":\"Accueil\",\"item\":\"https:\\\/\\\/www.datagrandest.fr\\\/site\\\/\"},{\"@type\":\"ListItem\",\"position\":2,\"name\":\"Actualit\u00e9s\",\"item\":\"https:\\\/\\\/www.datagrandest.fr\\\/site\\\/actualite\\\/\"},{\"@type\":\"ListItem\",\"position\":3,\"name\":\"L&rsquo;\u00e9quipe DataGrandEst recherche un chef de projet donn\u00e9es \\\/SIG\"}]},{\"@type\":\"WebSite\",\"@id\":\"https:\\\/\\\/www.datagrandest.fr\\\/site\\\/#website\",\"url\":\"https:\\\/\\\/www.datagrandest.fr\\\/site\\\/\",\"name\":\"DataGrandEst\",\"description\":\"\",\"potentialAction\":[{\"@type\":\"SearchAction\",\"target\":{\"@type\":\"EntryPoint\",\"urlTemplate\":\"https:\\\/\\\/www.datagrandest.fr\\\/site\\\/?s={search_term_string}\"},\"query-input\":{\"@type\":\"PropertyValueSpecification\",\"valueRequired\":true,\"valueName\":\"search_term_string\"}}],\"inLanguage\":\"fr-FR\"}]}<\/script>\n<!-- \/ Yoast SEO plugin. -->","yoast_head_json":{"title":"L'\u00e9quipe DataGrandEst recherche un chef de projet donn\u00e9es \/SIG - DataGrandEst","robots":{"index":"index","follow":"follow","max-snippet":"max-snippet:-1","max-image-preview":"max-image-preview:large","max-video-preview":"max-video-preview:-1"},"canonical":"https:\/\/www.datagrandest.fr\/site\/actualite\/lequipe-datagrandest-recherche-un-chef-de-projet-donnees-sig\/","og_locale":"fr_FR","og_type":"article","og_title":"L'\u00e9quipe DataGrandEst recherche un chef de projet donn\u00e9es \/SIG - DataGrandEst","og_url":"https:\/\/www.datagrandest.fr\/site\/actualite\/lequipe-datagrandest-recherche-un-chef-de-projet-donnees-sig\/","og_site_name":"DataGrandEst","article_modified_time":"2026-04-16T10:18:11+00:00","twitter_card":"summary_large_image","twitter_misc":{"Dur\u00e9e de lecture estim\u00e9e":"2 minutes"},"schema":{"@context":"https:\/\/schema.org","@graph":[{"@type":"WebPage","@id":"https:\/\/www.datagrandest.fr\/site\/actualite\/lequipe-datagrandest-recherche-un-chef-de-projet-donnees-sig\/","url":"https:\/\/www.datagrandest.fr\/site\/actualite\/lequipe-datagrandest-recherche-un-chef-de-projet-donnees-sig\/","name":"L'\u00e9quipe DataGrandEst recherche un chef de projet donn\u00e9es \/SIG - DataGrandEst","isPartOf":{"@id":"https:\/\/www.datagrandest.fr\/site\/#website"},"datePublished":"2023-08-25T07:00:23+00:00","dateModified":"2026-04-16T10:18:11+00:00","breadcrumb":{"@id":"https:\/\/www.datagrandest.fr\/site\/actualite\/lequipe-datagrandest-recherche-un-chef-de-projet-donnees-sig\/#breadcrumb"},"inLanguage":"fr-FR","potentialAction":[{"@type":"ReadAction","target":["https:\/\/www.datagrandest.fr\/site\/actualite\/lequipe-datagrandest-recherche-un-chef-de-projet-donnees-sig\/"]}]},{"@type":"BreadcrumbList","@id":"https:\/\/www.datagrandest.fr\/site\/actualite\/lequipe-datagrandest-recherche-un-chef-de-projet-donnees-sig\/#breadcrumb","itemListElement":[{"@type":"ListItem","position":1,"name":"Accueil","item":"https:\/\/www.datagrandest.fr\/site\/"},{"@type":"ListItem","position":2,"name":"Actualit\u00e9s","item":"https:\/\/www.datagrandest.fr\/site\/actualite\/"},{"@type":"ListItem","position":3,"name":"L&rsquo;\u00e9quipe DataGrandEst recherche un chef de projet donn\u00e9es \/SIG"}]},{"@type":"WebSite","@id":"https:\/\/www.datagrandest.fr\/site\/#website","url":"https:\/\/www.datagrandest.fr\/site\/","name":"DataGrandEst","description":"","potentialAction":[{"@type":"SearchAction","target":{"@type":"EntryPoint","urlTemplate":"https:\/\/www.datagrandest.fr\/site\/?s={search_term_string}"},"query-input":{"@type":"PropertyValueSpecification","valueRequired":true,"valueName":"search_term_string"}}],"inLanguage":"fr-FR"}]}},"_links":{"self":[{"href":"https:\/\/www.datagrandest.fr\/site\/wp-json\/wp\/v2\/actualite\/1045","targetHints":{"allow":["GET"]}}],"collection":[{"href":"https:\/\/www.datagrandest.fr\/site\/wp-json\/wp\/v2\/actualite"}],"about":[{"href":"https:\/\/www.datagrandest.fr\/site\/wp-json\/wp\/v2\/types\/actualite"}],"version-history":[{"count":3,"href":"https:\/\/www.datagrandest.fr\/site\/wp-json\/wp\/v2\/actualite\/1045\/revisions"}],"predecessor-version":[{"id":5591,"href":"https:\/\/www.datagrandest.fr\/site\/wp-json\/wp\/v2\/actualite\/1045\/revisions\/5591"}],"wp:attachment":[{"href":"https:\/\/www.datagrandest.fr\/site\/wp-json\/wp\/v2\/media?parent=1045"}],"wp:term":[{"taxonomy":"source","embeddable":true,"href":"https:\/\/www.datagrandest.fr\/site\/wp-json\/wp\/v2\/source?post=1045"},{"taxonomy":"thematique_globale","embeddable":true,"href":"https:\/\/www.datagrandest.fr\/site\/wp-json\/wp\/v2\/thematique_globale?post=1045"}],"curies":[{"name":"wp","href":"https:\/\/api.w.org\/{rel}","templated":true}]}}