{"id":1057,"date":"2023-04-04T08:14:39","date_gmt":"2023-04-04T06:14:39","guid":{"rendered":"https:\/\/dev.datagrandest.fr\/site\/actualite\/la-delegation-a-la-modernisation-recrute-2-chefs-de-projet-au-sein-de-sa-mission-data\/"},"modified":"2025-11-25T10:40:45","modified_gmt":"2025-11-25T09:40:45","slug":"la-delegation-a-la-modernisation-recrute-2-chefs-de-projet-au-sein-de-sa-mission-data","status":"publish","type":"actualite","link":"https:\/\/www.datagrandest.fr\/site\/actualite\/la-delegation-a-la-modernisation-recrute-2-chefs-de-projet-au-sein-de-sa-mission-data\/","title":{"rendered":"La D\u00e9l\u00e9gation \u00e0 la Modernisation recrute 2 chefs de projet au sein de sa mission data"},"template":"","meta":{"_acf_changed":false,"_relevanssi_hide_post":"","_relevanssi_hide_content":"","_relevanssi_pin_for_all":"","_relevanssi_pin_keywords":"","_relevanssi_unpin_keywords":"","_relevanssi_related_keywords":"","_relevanssi_related_include_ids":"","_relevanssi_related_exclude_ids":"","_relevanssi_related_no_append":"","_relevanssi_related_not_related":"","_relevanssi_related_posts":"","_relevanssi_noindex_reason":""},"source":[],"thematique_globale":[],"class_list":["post-1057","actualite","type-actualite","status-publish","hentry"],"acf":{"glo_image":1031,"glo_intro":"","glo_car_surcharge_titre":"","glo_car_surcharge_lien":"","cms_contenus_flexibles":[{"acf_fc_layout":"flex_texte_libre","show_title":false,"titre_de_section":"","contenu":"<h3>Rejoignez la R\u00e9gion Grand Est et contribuez au d\u00e9veloppement du service public de la donn\u00e9e et \u00e0 la plateforme DataGrandEst !<\/h3>\r\n&nbsp;\r\n\r\n<strong>2 postes de Chef de Projet Donn\u00e9es \u00e0 pourvoir :<\/strong>\r\n<ul>\r\n \t<li>L\u2019un est cibl\u00e9 sur la production de l\u2019occupation du sol \u00e0 grande \u00e9chelle r\u00e9gionale OCS GE2,\u00a0la valorisation et\u00a0l\u2019accompagnement \u00e0 l\u2019usage ainsi que sur\u00a0l\u2019animation du groupe partenarial d\u00e9di\u00e9 (<a href=\"https:\/\/oscar-grandest-career.talent-soft.com\/offre-de-emploi\/emploi-chef-de-projet-donnees-h-f_631.aspx\">R\u00e9f\u00e9rence du poste\u00a0: 2022-631<\/a>)<\/li>\r\n \t<li>L\u2019autre est centr\u00e9 sur l\u2019administration des donn\u00e9es de la plateforme, sur l\u2019animation de groupes partenariaux techniques et th\u00e9matiques, sur l\u2019accompagnement \u00e0 la standardisation des donn\u00e9es, \u00e0 leur ouverture au service des usagers (<a href=\"https:\/\/oscar-grandest-career.talent-soft.com\/offre-de-emploi\/emploi-chef-de-projet-donnees-h-f_1097.aspx\">R\u00e9f\u00e9rence du poste\u00a0: 2023-1097<\/a>)<\/li>\r\n<\/ul>\r\n&nbsp;\r\n\r\nVous avez un profil SIG et ou Data, les donn\u00e9es c\u2019est votre m\u00e9tier, vous \u00eates \u00e0 l\u2019aise avec les outils informatiques m\u00e9tiers, vous \u00eates sensibles aux besoins des usagers, vous \u00eates ouvert d\u2019esprit, p\u00e9tillant et cr\u00e9atif, n\u2019h\u00e9sitez pas postuler.\r\n\r\n&nbsp;\r\n\r\nLocalisation \u00e0 Strasbourg, Metz ou Ch\u00e2lons !\r\n\r\n&nbsp;\r\n\r\nVenez rejoindre une \u00e9quipe dynamique !\r\n\r\n&nbsp;\r\n\r\n&nbsp;","couleur_de_fond":"transparent","taille_de_la_zone":"large-content","position_texte":"center","image_de_fond":""}]},"yoast_head":"<!-- This site is optimized with the Yoast SEO plugin v27.4 - https:\/\/yoast.com\/product\/yoast-seo-wordpress\/ -->\n<title>La D\u00e9l\u00e9gation \u00e0 la Modernisation recrute 2 chefs de projet au sein de sa mission data - DataGrandEst<\/title>\n<meta name=\"robots\" content=\"index, follow, max-snippet:-1, max-image-preview:large, max-video-preview:-1\" \/>\n<link rel=\"canonical\" href=\"https:\/\/www.datagrandest.fr\/site\/actualite\/la-delegation-a-la-modernisation-recrute-2-chefs-de-projet-au-sein-de-sa-mission-data\/\" \/>\n<meta property=\"og:locale\" content=\"fr_FR\" \/>\n<meta property=\"og:type\" content=\"article\" \/>\n<meta property=\"og:title\" content=\"La D\u00e9l\u00e9gation \u00e0 la Modernisation recrute 2 chefs de projet au sein de sa mission data - DataGrandEst\" \/>\n<meta property=\"og:url\" content=\"https:\/\/www.datagrandest.fr\/site\/actualite\/la-delegation-a-la-modernisation-recrute-2-chefs-de-projet-au-sein-de-sa-mission-data\/\" \/>\n<meta property=\"og:site_name\" content=\"DataGrandEst\" \/>\n<meta property=\"article:modified_time\" content=\"2025-11-25T09:40:45+00:00\" \/>\n<meta name=\"twitter:card\" content=\"summary_large_image\" \/>\n<meta name=\"twitter:label1\" content=\"Dur\u00e9e de lecture estim\u00e9e\" \/>\n\t<meta name=\"twitter:data1\" content=\"2 minutes\" \/>\n<script type=\"application\/ld+json\" class=\"yoast-schema-graph\">{\"@context\":\"https:\\\/\\\/schema.org\",\"@graph\":[{\"@type\":\"WebPage\",\"@id\":\"https:\\\/\\\/www.datagrandest.fr\\\/site\\\/actualite\\\/la-delegation-a-la-modernisation-recrute-2-chefs-de-projet-au-sein-de-sa-mission-data\\\/\",\"url\":\"https:\\\/\\\/www.datagrandest.fr\\\/site\\\/actualite\\\/la-delegation-a-la-modernisation-recrute-2-chefs-de-projet-au-sein-de-sa-mission-data\\\/\",\"name\":\"La D\u00e9l\u00e9gation \u00e0 la Modernisation recrute 2 chefs de projet au sein de sa mission data - DataGrandEst\",\"isPartOf\":{\"@id\":\"https:\\\/\\\/www.datagrandest.fr\\\/site\\\/#website\"},\"datePublished\":\"2023-04-04T06:14:39+00:00\",\"dateModified\":\"2025-11-25T09:40:45+00:00\",\"breadcrumb\":{\"@id\":\"https:\\\/\\\/www.datagrandest.fr\\\/site\\\/actualite\\\/la-delegation-a-la-modernisation-recrute-2-chefs-de-projet-au-sein-de-sa-mission-data\\\/#breadcrumb\"},\"inLanguage\":\"fr-FR\",\"potentialAction\":[{\"@type\":\"ReadAction\",\"target\":[\"https:\\\/\\\/www.datagrandest.fr\\\/site\\\/actualite\\\/la-delegation-a-la-modernisation-recrute-2-chefs-de-projet-au-sein-de-sa-mission-data\\\/\"]}]},{\"@type\":\"BreadcrumbList\",\"@id\":\"https:\\\/\\\/www.datagrandest.fr\\\/site\\\/actualite\\\/la-delegation-a-la-modernisation-recrute-2-chefs-de-projet-au-sein-de-sa-mission-data\\\/#breadcrumb\",\"itemListElement\":[{\"@type\":\"ListItem\",\"position\":1,\"name\":\"Accueil\",\"item\":\"https:\\\/\\\/www.datagrandest.fr\\\/site\\\/\"},{\"@type\":\"ListItem\",\"position\":2,\"name\":\"Actualit\u00e9s\",\"item\":\"https:\\\/\\\/www.datagrandest.fr\\\/site\\\/actualite\\\/\"},{\"@type\":\"ListItem\",\"position\":3,\"name\":\"La D\u00e9l\u00e9gation \u00e0 la Modernisation recrute 2 chefs de projet au sein de sa mission data\"}]},{\"@type\":\"WebSite\",\"@id\":\"https:\\\/\\\/www.datagrandest.fr\\\/site\\\/#website\",\"url\":\"https:\\\/\\\/www.datagrandest.fr\\\/site\\\/\",\"name\":\"DataGrandEst\",\"description\":\"\",\"potentialAction\":[{\"@type\":\"SearchAction\",\"target\":{\"@type\":\"EntryPoint\",\"urlTemplate\":\"https:\\\/\\\/www.datagrandest.fr\\\/site\\\/?s={search_term_string}\"},\"query-input\":{\"@type\":\"PropertyValueSpecification\",\"valueRequired\":true,\"valueName\":\"search_term_string\"}}],\"inLanguage\":\"fr-FR\"}]}<\/script>\n<!-- \/ Yoast SEO plugin. -->","yoast_head_json":{"title":"La D\u00e9l\u00e9gation \u00e0 la Modernisation recrute 2 chefs de projet au sein de sa mission data - DataGrandEst","robots":{"index":"index","follow":"follow","max-snippet":"max-snippet:-1","max-image-preview":"max-image-preview:large","max-video-preview":"max-video-preview:-1"},"canonical":"https:\/\/www.datagrandest.fr\/site\/actualite\/la-delegation-a-la-modernisation-recrute-2-chefs-de-projet-au-sein-de-sa-mission-data\/","og_locale":"fr_FR","og_type":"article","og_title":"La D\u00e9l\u00e9gation \u00e0 la Modernisation recrute 2 chefs de projet au sein de sa mission data - DataGrandEst","og_url":"https:\/\/www.datagrandest.fr\/site\/actualite\/la-delegation-a-la-modernisation-recrute-2-chefs-de-projet-au-sein-de-sa-mission-data\/","og_site_name":"DataGrandEst","article_modified_time":"2025-11-25T09:40:45+00:00","twitter_card":"summary_large_image","twitter_misc":{"Dur\u00e9e de lecture estim\u00e9e":"2 minutes"},"schema":{"@context":"https:\/\/schema.org","@graph":[{"@type":"WebPage","@id":"https:\/\/www.datagrandest.fr\/site\/actualite\/la-delegation-a-la-modernisation-recrute-2-chefs-de-projet-au-sein-de-sa-mission-data\/","url":"https:\/\/www.datagrandest.fr\/site\/actualite\/la-delegation-a-la-modernisation-recrute-2-chefs-de-projet-au-sein-de-sa-mission-data\/","name":"La D\u00e9l\u00e9gation \u00e0 la Modernisation recrute 2 chefs de projet au sein de sa mission data - DataGrandEst","isPartOf":{"@id":"https:\/\/www.datagrandest.fr\/site\/#website"},"datePublished":"2023-04-04T06:14:39+00:00","dateModified":"2025-11-25T09:40:45+00:00","breadcrumb":{"@id":"https:\/\/www.datagrandest.fr\/site\/actualite\/la-delegation-a-la-modernisation-recrute-2-chefs-de-projet-au-sein-de-sa-mission-data\/#breadcrumb"},"inLanguage":"fr-FR","potentialAction":[{"@type":"ReadAction","target":["https:\/\/www.datagrandest.fr\/site\/actualite\/la-delegation-a-la-modernisation-recrute-2-chefs-de-projet-au-sein-de-sa-mission-data\/"]}]},{"@type":"BreadcrumbList","@id":"https:\/\/www.datagrandest.fr\/site\/actualite\/la-delegation-a-la-modernisation-recrute-2-chefs-de-projet-au-sein-de-sa-mission-data\/#breadcrumb","itemListElement":[{"@type":"ListItem","position":1,"name":"Accueil","item":"https:\/\/www.datagrandest.fr\/site\/"},{"@type":"ListItem","position":2,"name":"Actualit\u00e9s","item":"https:\/\/www.datagrandest.fr\/site\/actualite\/"},{"@type":"ListItem","position":3,"name":"La D\u00e9l\u00e9gation \u00e0 la Modernisation recrute 2 chefs de projet au sein de sa mission data"}]},{"@type":"WebSite","@id":"https:\/\/www.datagrandest.fr\/site\/#website","url":"https:\/\/www.datagrandest.fr\/site\/","name":"DataGrandEst","description":"","potentialAction":[{"@type":"SearchAction","target":{"@type":"EntryPoint","urlTemplate":"https:\/\/www.datagrandest.fr\/site\/?s={search_term_string}"},"query-input":{"@type":"PropertyValueSpecification","valueRequired":true,"valueName":"search_term_string"}}],"inLanguage":"fr-FR"}]}},"_links":{"self":[{"href":"https:\/\/www.datagrandest.fr\/site\/wp-json\/wp\/v2\/actualite\/1057","targetHints":{"allow":["GET"]}}],"collection":[{"href":"https:\/\/www.datagrandest.fr\/site\/wp-json\/wp\/v2\/actualite"}],"about":[{"href":"https:\/\/www.datagrandest.fr\/site\/wp-json\/wp\/v2\/types\/actualite"}],"version-history":[{"count":2,"href":"https:\/\/www.datagrandest.fr\/site\/wp-json\/wp\/v2\/actualite\/1057\/revisions"}],"predecessor-version":[{"id":2603,"href":"https:\/\/www.datagrandest.fr\/site\/wp-json\/wp\/v2\/actualite\/1057\/revisions\/2603"}],"wp:attachment":[{"href":"https:\/\/www.datagrandest.fr\/site\/wp-json\/wp\/v2\/media?parent=1057"}],"wp:term":[{"taxonomy":"source","embeddable":true,"href":"https:\/\/www.datagrandest.fr\/site\/wp-json\/wp\/v2\/source?post=1057"},{"taxonomy":"thematique_globale","embeddable":true,"href":"https:\/\/www.datagrandest.fr\/site\/wp-json\/wp\/v2\/thematique_globale?post=1057"}],"curies":[{"name":"wp","href":"https:\/\/api.w.org\/{rel}","templated":true}]}}