{"id":1065,"date":"2022-12-13T02:01:18","date_gmt":"2022-12-13T01:01:18","guid":{"rendered":"https:\/\/dev.datagrandest.fr\/site\/actualite\/decouvrez-le-programme-du-premier-semestre-2023-de-datagrandest\/"},"modified":"2025-11-25T11:04:15","modified_gmt":"2025-11-25T10:04:15","slug":"decouvrez-le-programme-du-premier-semestre-2023-de-datagrandest","status":"publish","type":"actualite","link":"https:\/\/www.datagrandest.fr\/site\/actualite\/decouvrez-le-programme-du-premier-semestre-2023-de-datagrandest\/","title":{"rendered":"D\u00e9couvrez le programme du premier semestre 2023 de DataGrandEst"},"template":"","meta":{"_acf_changed":false,"_relevanssi_hide_post":"","_relevanssi_hide_content":"","_relevanssi_pin_for_all":"","_relevanssi_pin_keywords":"","_relevanssi_unpin_keywords":"","_relevanssi_related_keywords":"","_relevanssi_related_include_ids":"","_relevanssi_related_exclude_ids":"","_relevanssi_related_no_append":"","_relevanssi_related_not_related":"","_relevanssi_related_posts":"","_relevanssi_noindex_reason":""},"source":[],"thematique_globale":[],"class_list":["post-1065","actualite","type-actualite","status-publish","hentry"],"acf":{"glo_image":1031,"glo_intro":"","glo_car_surcharge_titre":"","glo_car_surcharge_lien":"","cms_contenus_flexibles":[{"acf_fc_layout":"flex_texte_libre","show_title":false,"titre_de_section":"","contenu":"A l\u2019instar de 2022, l\u2019ann\u00e9e 2023 sera riche en \u00e9v\u00e9nements pour DataGrandEst.\r\n\r\nL'\u00e9quipe vous propose plusieurs rendez-vous d\u00e8s janvier pour piloter, partager, produire et valoriser les donn\u00e9es.\r\n\r\nEntre webinaires, groupe de travail et rencontres en pr\u00e9sentielles toutes les raisons seront bonnes pour continuer \u00e0 d\u00e9velopper l\u2019ouverture de la donn\u00e9e en Grand Est.\r\n\r\nN\u2019h\u00e9sitez pas \u00e0 vous inscrire d\u00e8s maintenant aux webinaires mensuels \"le jeudi, adonnez-vous \u00e0 la donn\u00e9e\", qui se tiendront tous les premiers jeudis du mois de 11h \u00e0 12h.\r\n\r\nOu rejoignez l\u2019un des groupes de travail pour participer \u00e0 l'\u00e9laboration d'un service d'appui juridique, ouvrir vos donn\u00e9es budg\u00e9taires ou encore r\u00e9fl\u00e9chir \u00e0 la standardisation des donn\u00e9es d'am\u00e9nagements cyclables.\r\n<h3>Programme du 1er semestre 2023 !<\/h3>\r\n<table width=\"800\">\r\n<tbody>\r\n<tr>\r\n<th colspan=\"2\">JANVIER<\/th>\r\n<\/tr>\r\n<tr>\r\n<td>\r\n<p style=\"text-align: center;\">11 janvier<\/p>\r\n<\/td>\r\n<td><a href=\"\/site\/fr\/agenda\/groupe-travail-gouvernance-et-service-dappui-juridique-0\">Groupe de travail\u00a0: Gouvernance et service d\u2019appui juridique <\/a><\/td>\r\n<\/tr>\r\n<tr>\r\n<td>\r\n<p style=\"text-align: center;\">12 janvier<\/p>\r\n<\/td>\r\n<td><a href=\"\/site\/fr\/agenda\/webinaire-metiers-data-roles-et-missions-magiciens-donnee\">Webinaire : Les m\u00e9tiers de la data : d\u00e9finition, int\u00e9r\u00eat, comp\u00e9tences, formations, compl\u00e9mentarit\u00e9 avec g\u00e9o)<\/a><\/td>\r\n<\/tr>\r\n<tr>\r\n<td>\r\n<p style=\"text-align: center;\">19 janvier<\/p>\r\n<\/td>\r\n<td><a href=\"\/site\/fr\/projets\/ouvre-donnees-budgetaires-ta-collectivite\">Groupe de travail\u00a0: \"Donn\u00e9es budg\u00e9taires des collectivit\u00e9s - sous-groupe \"Guide de publication pas-\u00e0-pas\" <\/a><\/td>\r\n<\/tr>\r\n<tr>\r\n<th colspan=\"2\">F\u00c9VRIER<\/th>\r\n<\/tr>\r\n<tr>\r\n<td>\r\n<p style=\"text-align: center;\">1er f\u00e9vrier<\/p>\r\n<\/td>\r\n<td>Comit\u00e9 technique : Bilan 2022 + objectifs 2023<\/td>\r\n<\/tr>\r\n<tr>\r\n<td>\r\n<p style=\"text-align: center;\">02 f\u00e9vrier<\/p>\r\n<\/td>\r\n<td><a href=\"\/site\/fr\/agenda\/webinaire-adresses-donnees-sous-responsabilite-communes-et-leurs-elus-outils-gestion-ban-bal\">Webinaire : Les adresses des donn\u00e9es sous la responsabilit\u00e9 des communes et de leurs \u00e9lus, les outils de gestion (BAN-BAL, r\u00f4le de l\u2019IGN\u2026)<\/a><\/td>\r\n<\/tr>\r\n<tr>\r\n<td>\r\n<p style=\"text-align: center;\">07 f\u00e9vrier<\/p>\r\n<\/td>\r\n<td><a href=\"\/site\/fr\/projets\/ouvre-donnees-budgetaires-ta-collectivite\">Groupe de travail\u00a0: \"Donn\u00e9es budg\u00e9taires des collectivit\u00e9s - sous-groupe \"Argumentaire\" <\/a><\/td>\r\n<\/tr>\r\n<tr>\r\n<td>\r\n<p style=\"text-align: center;\">09 f\u00e9vrier<\/p>\r\n<\/td>\r\n<td><a href=\"\/site\/fr\/projets\/valorise-ta-data\">Groupe de travail\u00a0: \"Valorise ta data\" <\/a><\/td>\r\n<\/tr>\r\n<tr>\r\n<td>\r\n<p style=\"text-align: center;\">24 f\u00e9vrier<\/p>\r\n<\/td>\r\n<td><a href=\"\/site\/fr\/projets\/standardise-tes-donnees-damenagements-cyclables\">Groupe de travail\u00a0: Donn\u00e9es cyclables<\/a><\/td>\r\n<\/tr>\r\n<tr>\r\n<th colspan=\"2\">MARS<\/th>\r\n<\/tr>\r\n<tr>\r\n<td>\r\n<p style=\"text-align: center;\">02 mars<\/p>\r\n<\/td>\r\n<td><a href=\"\/site\/fr\/agenda\/webinaire-donnees-socio\">Webinaire : Donn\u00e9es socio (site Statistiques locales de l'INSEE et Observatoire des Territoires de l'ANCT)<\/a><\/td>\r\n<\/tr>\r\n<tr>\r\n<td>\r\n<p style=\"text-align: center;\">07 mars<\/p>\r\n<\/td>\r\n<td>Comit\u00e9 de pilotage : Bilan 2022 + perspectives 2023<\/td>\r\n<\/tr>\r\n<tr>\r\n<td>\r\n<p style=\"text-align: center;\">09 mars<\/p>\r\n<\/td>\r\n<td><a href=\"\/site\/fr\/projets\/ouvre-donnees-budgetaires-ta-collectivite\">Groupe de travail\u00a0: \"Donn\u00e9es budg\u00e9taires des collectivit\u00e9s\" <\/a><\/td>\r\n<\/tr>\r\n<tr>\r\n<td>\r\n<p style=\"text-align: center;\">23 Mars<\/p>\r\n<\/td>\r\n<td><a href=\"\/site\/fr\/form\/inscription-reunion-du-groupe-travail-donnees-socio-demo-economiques-du-2302\">Groupe de travail\u00a0: \"Acc\u00e8de facilement aux donn\u00e9es socio-d\u00e9mo-\u00e9conomiques\" - Pr\u00e9sentation Datagence et INTEO <\/a><\/td>\r\n<\/tr>\r\n<tr>\r\n<th colspan=\"2\">AVRIL<\/th>\r\n<\/tr>\r\n<tr>\r\n<td>\r\n<p style=\"text-align: center;\">06 avril<\/p>\r\n<\/td>\r\n<td><a href=\"\/site\/fr\/agenda\/webinaire-lacquisition-donnees-par-drones\">Webinaire : L\u2019acquisition de donn\u00e9es par drones<\/a> (la r\u00e8glementation, le mat\u00e9riel, les techniques, ortho, lidar, arch\u00e9ologie\u2026)<\/td>\r\n<\/tr>\r\n<tr>\r\n<th colspan=\"2\">MAI<\/th>\r\n<\/tr>\r\n<tr>\r\n<td>\r\n<p style=\"text-align: center;\">11 mai<\/p>\r\n<\/td>\r\n<td><a href=\"\/site\/fr\/agenda\/webinaire-pourquoi-publier-donnees-sur-datagrandest\">Webinaire : Pourquoi publier des donn\u00e9es sur DataGrandEst<\/a> (encourager l\u2019ouverture, homog\u00e9n\u00e9iser les fonctionnalit\u00e9s, nouveaut\u00e9s)<\/td>\r\n<\/tr>\r\n<tr>\r\n<td>\r\n<p style=\"text-align: center;\">25 mai<\/p>\r\n<\/td>\r\n<td><a href=\"\/site\/fr\/agenda\/journee-danimation-datagrandest-datatourisme-quelles-donnees-pour-quels-usages\">Journ\u00e9e th\u00e9matique : les donn\u00e9es du tourisme - Quelles donn\u00e9es pour quels usages ?<\/a><\/td>\r\n<\/tr>\r\n<tr>\r\n<th colspan=\"2\">JUIN<\/th>\r\n<\/tr>\r\n<tr>\r\n<td>\r\n<p style=\"text-align: center;\">1er juin<\/p>\r\n<\/td>\r\n<td><a href=\"\/site\/fr\/agenda\/webinaire-focus-sur-infrastructures-donnees-transfrontalieres-georhena-grande-region\">Webinaire : Focus sur les infrastructures de donn\u00e9es transfrontali\u00e8res - G\u00e9oRhena, Grande R\u00e9gion <\/a>(les avantages, les freins, les travaux men\u00e9s)<\/td>\r\n<\/tr>\r\n<tr>\r\n<td style=\"text-align: center;\">13 juin<\/td>\r\n<td><a href=\"\/site\/fr\/agenda\/journee-departementale-donnees-vosges\">Journ\u00e9e d\u00e9partementale des donn\u00e9es des Vosges<\/a><\/td>\r\n<\/tr>\r\n<tr>\r\n<td>\r\n<p style=\"text-align: center;\">22 juin<\/p>\r\n<\/td>\r\n<td>Comit\u00e9 technique : Point Geodatadays et bilan 1er semestre<\/td>\r\n<\/tr>\r\n<\/tbody>\r\n<\/table>","couleur_de_fond":"transparent","taille_de_la_zone":"large-content","position_texte":"center","image_de_fond":""}]},"yoast_head":"<!-- This site is optimized with the Yoast SEO plugin v27.4 - https:\/\/yoast.com\/product\/yoast-seo-wordpress\/ -->\n<title>D\u00e9couvrez le programme du premier semestre 2023 de DataGrandEst - DataGrandEst<\/title>\n<meta name=\"robots\" content=\"index, follow, max-snippet:-1, max-image-preview:large, max-video-preview:-1\" \/>\n<link rel=\"canonical\" href=\"https:\/\/www.datagrandest.fr\/site\/actualite\/decouvrez-le-programme-du-premier-semestre-2023-de-datagrandest\/\" \/>\n<meta property=\"og:locale\" content=\"fr_FR\" \/>\n<meta property=\"og:type\" content=\"article\" \/>\n<meta property=\"og:title\" content=\"D\u00e9couvrez le programme du premier semestre 2023 de DataGrandEst - DataGrandEst\" \/>\n<meta property=\"og:url\" content=\"https:\/\/www.datagrandest.fr\/site\/actualite\/decouvrez-le-programme-du-premier-semestre-2023-de-datagrandest\/\" \/>\n<meta property=\"og:site_name\" content=\"DataGrandEst\" \/>\n<meta property=\"article:modified_time\" content=\"2025-11-25T10:04:15+00:00\" \/>\n<meta name=\"twitter:card\" content=\"summary_large_image\" \/>\n<meta name=\"twitter:label1\" content=\"Dur\u00e9e de lecture estim\u00e9e\" \/>\n\t<meta name=\"twitter:data1\" content=\"3 minutes\" \/>\n<script type=\"application\/ld+json\" class=\"yoast-schema-graph\">{\"@context\":\"https:\\\/\\\/schema.org\",\"@graph\":[{\"@type\":\"WebPage\",\"@id\":\"https:\\\/\\\/www.datagrandest.fr\\\/site\\\/actualite\\\/decouvrez-le-programme-du-premier-semestre-2023-de-datagrandest\\\/\",\"url\":\"https:\\\/\\\/www.datagrandest.fr\\\/site\\\/actualite\\\/decouvrez-le-programme-du-premier-semestre-2023-de-datagrandest\\\/\",\"name\":\"D\u00e9couvrez le programme du premier semestre 2023 de DataGrandEst - DataGrandEst\",\"isPartOf\":{\"@id\":\"https:\\\/\\\/www.datagrandest.fr\\\/site\\\/#website\"},\"datePublished\":\"2022-12-13T01:01:18+00:00\",\"dateModified\":\"2025-11-25T10:04:15+00:00\",\"breadcrumb\":{\"@id\":\"https:\\\/\\\/www.datagrandest.fr\\\/site\\\/actualite\\\/decouvrez-le-programme-du-premier-semestre-2023-de-datagrandest\\\/#breadcrumb\"},\"inLanguage\":\"fr-FR\",\"potentialAction\":[{\"@type\":\"ReadAction\",\"target\":[\"https:\\\/\\\/www.datagrandest.fr\\\/site\\\/actualite\\\/decouvrez-le-programme-du-premier-semestre-2023-de-datagrandest\\\/\"]}]},{\"@type\":\"BreadcrumbList\",\"@id\":\"https:\\\/\\\/www.datagrandest.fr\\\/site\\\/actualite\\\/decouvrez-le-programme-du-premier-semestre-2023-de-datagrandest\\\/#breadcrumb\",\"itemListElement\":[{\"@type\":\"ListItem\",\"position\":1,\"name\":\"Accueil\",\"item\":\"https:\\\/\\\/www.datagrandest.fr\\\/site\\\/\"},{\"@type\":\"ListItem\",\"position\":2,\"name\":\"Actualit\u00e9s\",\"item\":\"https:\\\/\\\/www.datagrandest.fr\\\/site\\\/actualite\\\/\"},{\"@type\":\"ListItem\",\"position\":3,\"name\":\"D\u00e9couvrez le programme du premier semestre 2023 de DataGrandEst\"}]},{\"@type\":\"WebSite\",\"@id\":\"https:\\\/\\\/www.datagrandest.fr\\\/site\\\/#website\",\"url\":\"https:\\\/\\\/www.datagrandest.fr\\\/site\\\/\",\"name\":\"DataGrandEst\",\"description\":\"\",\"potentialAction\":[{\"@type\":\"SearchAction\",\"target\":{\"@type\":\"EntryPoint\",\"urlTemplate\":\"https:\\\/\\\/www.datagrandest.fr\\\/site\\\/?s={search_term_string}\"},\"query-input\":{\"@type\":\"PropertyValueSpecification\",\"valueRequired\":true,\"valueName\":\"search_term_string\"}}],\"inLanguage\":\"fr-FR\"}]}<\/script>\n<!-- \/ Yoast SEO plugin. -->","yoast_head_json":{"title":"D\u00e9couvrez le programme du premier semestre 2023 de DataGrandEst - DataGrandEst","robots":{"index":"index","follow":"follow","max-snippet":"max-snippet:-1","max-image-preview":"max-image-preview:large","max-video-preview":"max-video-preview:-1"},"canonical":"https:\/\/www.datagrandest.fr\/site\/actualite\/decouvrez-le-programme-du-premier-semestre-2023-de-datagrandest\/","og_locale":"fr_FR","og_type":"article","og_title":"D\u00e9couvrez le programme du premier semestre 2023 de DataGrandEst - DataGrandEst","og_url":"https:\/\/www.datagrandest.fr\/site\/actualite\/decouvrez-le-programme-du-premier-semestre-2023-de-datagrandest\/","og_site_name":"DataGrandEst","article_modified_time":"2025-11-25T10:04:15+00:00","twitter_card":"summary_large_image","twitter_misc":{"Dur\u00e9e de lecture estim\u00e9e":"3 minutes"},"schema":{"@context":"https:\/\/schema.org","@graph":[{"@type":"WebPage","@id":"https:\/\/www.datagrandest.fr\/site\/actualite\/decouvrez-le-programme-du-premier-semestre-2023-de-datagrandest\/","url":"https:\/\/www.datagrandest.fr\/site\/actualite\/decouvrez-le-programme-du-premier-semestre-2023-de-datagrandest\/","name":"D\u00e9couvrez le programme du premier semestre 2023 de DataGrandEst - DataGrandEst","isPartOf":{"@id":"https:\/\/www.datagrandest.fr\/site\/#website"},"datePublished":"2022-12-13T01:01:18+00:00","dateModified":"2025-11-25T10:04:15+00:00","breadcrumb":{"@id":"https:\/\/www.datagrandest.fr\/site\/actualite\/decouvrez-le-programme-du-premier-semestre-2023-de-datagrandest\/#breadcrumb"},"inLanguage":"fr-FR","potentialAction":[{"@type":"ReadAction","target":["https:\/\/www.datagrandest.fr\/site\/actualite\/decouvrez-le-programme-du-premier-semestre-2023-de-datagrandest\/"]}]},{"@type":"BreadcrumbList","@id":"https:\/\/www.datagrandest.fr\/site\/actualite\/decouvrez-le-programme-du-premier-semestre-2023-de-datagrandest\/#breadcrumb","itemListElement":[{"@type":"ListItem","position":1,"name":"Accueil","item":"https:\/\/www.datagrandest.fr\/site\/"},{"@type":"ListItem","position":2,"name":"Actualit\u00e9s","item":"https:\/\/www.datagrandest.fr\/site\/actualite\/"},{"@type":"ListItem","position":3,"name":"D\u00e9couvrez le programme du premier semestre 2023 de DataGrandEst"}]},{"@type":"WebSite","@id":"https:\/\/www.datagrandest.fr\/site\/#website","url":"https:\/\/www.datagrandest.fr\/site\/","name":"DataGrandEst","description":"","potentialAction":[{"@type":"SearchAction","target":{"@type":"EntryPoint","urlTemplate":"https:\/\/www.datagrandest.fr\/site\/?s={search_term_string}"},"query-input":{"@type":"PropertyValueSpecification","valueRequired":true,"valueName":"search_term_string"}}],"inLanguage":"fr-FR"}]}},"_links":{"self":[{"href":"https:\/\/www.datagrandest.fr\/site\/wp-json\/wp\/v2\/actualite\/1065","targetHints":{"allow":["GET"]}}],"collection":[{"href":"https:\/\/www.datagrandest.fr\/site\/wp-json\/wp\/v2\/actualite"}],"about":[{"href":"https:\/\/www.datagrandest.fr\/site\/wp-json\/wp\/v2\/types\/actualite"}],"version-history":[{"count":2,"href":"https:\/\/www.datagrandest.fr\/site\/wp-json\/wp\/v2\/actualite\/1065\/revisions"}],"predecessor-version":[{"id":2620,"href":"https:\/\/www.datagrandest.fr\/site\/wp-json\/wp\/v2\/actualite\/1065\/revisions\/2620"}],"wp:attachment":[{"href":"https:\/\/www.datagrandest.fr\/site\/wp-json\/wp\/v2\/media?parent=1065"}],"wp:term":[{"taxonomy":"source","embeddable":true,"href":"https:\/\/www.datagrandest.fr\/site\/wp-json\/wp\/v2\/source?post=1065"},{"taxonomy":"thematique_globale","embeddable":true,"href":"https:\/\/www.datagrandest.fr\/site\/wp-json\/wp\/v2\/thematique_globale?post=1065"}],"curies":[{"name":"wp","href":"https:\/\/api.w.org\/{rel}","templated":true}]}}