{"id":1067,"date":"2022-12-08T07:43:17","date_gmt":"2022-12-08T06:43:17","guid":{"rendered":"https:\/\/dev.datagrandest.fr\/site\/actualite\/les-2emes-rencontres-regionales-de-la-donnee-placees-sous-le-signe-de-la-sobriete\/"},"modified":"2025-11-25T11:00:04","modified_gmt":"2025-11-25T10:00:04","slug":"les-2emes-rencontres-regionales-de-la-donnee-placees-sous-le-signe-de-la-sobriete","status":"publish","type":"actualite","link":"https:\/\/www.datagrandest.fr\/site\/actualite\/les-2emes-rencontres-regionales-de-la-donnee-placees-sous-le-signe-de-la-sobriete\/","title":{"rendered":"Les 2\u00e8mes Rencontres r\u00e9gionales de la donn\u00e9e plac\u00e9es sous le signe de la sobri\u00e9t\u00e9"},"template":"","meta":{"_acf_changed":false,"_relevanssi_hide_post":"","_relevanssi_hide_content":"","_relevanssi_pin_for_all":"","_relevanssi_pin_keywords":"","_relevanssi_unpin_keywords":"","_relevanssi_related_keywords":"","_relevanssi_related_include_ids":"","_relevanssi_related_exclude_ids":"","_relevanssi_related_no_append":"","_relevanssi_related_not_related":"","_relevanssi_related_posts":"","_relevanssi_noindex_reason":""},"source":[],"thematique_globale":[],"class_list":["post-1067","actualite","type-actualite","status-publish","hentry"],"acf":{"glo_image":1073,"glo_intro":"","glo_car_surcharge_titre":"","glo_car_surcharge_lien":"","cms_contenus_flexibles":[{"acf_fc_layout":"flex_texte_libre","show_title":false,"titre_de_section":"","contenu":"<a href=\"\/site\/wp-content\/uploads\/2025\/11\/animation_dge_jr291122_synthese_v01.pdf\" target=\"_blank\" rel=\"noopener\"><img src=\"https:\/\/www.datagrandest.fr\/public\/ocs\/img\/pdf.png\" width=\"28\" height=\"37\" \/>D\u00e9couvrez le compte rendu complet de la journ\u00e9e<\/a>\n\n&nbsp;\n<table>\n<tbody>\n<tr>\n<td><img src=\"\/site\/wp-content\/uploads\/2025\/11\/peopole.jpg\" alt=\"\" \/><\/td>\n<td>\n<h5>La donn\u00e9e au c\u0153ur des enjeux des territoires<\/h5>\nDurant la matin\u00e9e se sont tenues 2 tables rondes\u00a0qui ont permis de <strong>r\u00e9pondre \u00e0 de nombreuses questions sur la place des donn\u00e9es dans le pilotage des politiques publiques<\/strong>, notamment en termes d\u2019\u00e9conomies d\u2019\u00e9nergies et de la consommation de foncier.\n\nA cette occasion, les intervenants ont rappel\u00e9 le <strong>besoin de standardiser les donn\u00e9es afin d\u2019en avoir la m\u00eame compr\u00e9hension, sans oublier leur actualisation.<\/strong><\/td>\n<\/tr>\n<tr>\n<td><img src=\"\/site\/wp-content\/uploads\/2025\/11\/president.jpg\" alt=\"\" width=\"342\" height=\"256\" \/><\/td>\n<td>\n<h5>\u00ab\u00a0La donn\u00e9e, c\u2019est politique\u00a0\u00bb<\/h5>\nA la question \u00ab\u00a0selon vous, la donn\u00e9e est-elle un sujet technique ou politique\u00a0?\u00a0\u00bb Jean ROTTNER, Pr\u00e9sident de la R\u00e9gion Grand Est, a r\u00e9pondu <strong>sans h\u00e9siter\u00a0: \"politique\u00a0!\"<\/strong>. Il a rappel\u00e9 aux \u00e9lus et d\u00e9cideurs que la donn\u00e9e permet de prendre des <strong>d\u00e9cisions politiques au plus pr\u00e8s des besoins des citoyens<\/strong> et qu\u2019il est donc imp\u00e9ratif de <strong>poursuivre les efforts engag\u00e9s dans la mutualisation et leur valorisation<\/strong>.<\/td>\n<\/tr>\n<tr>\n<td><img src=\"\/site\/wp-content\/uploads\/2025\/11\/julien_didry.png\" alt=\"\" width=\"342\" height=\"293\" \/><\/td>\n<td>\n<h5>\u00ab\u00a0La Meuse, the place to be\u00a0!\u00a0\u00bb<\/h5>\nL\u2019intervention dynamique et inspirante de Julien DIDRY, Vice-Pr\u00e9sident du D\u00e9partement de la Meuse, a permis d\u2019appuyer les propos des intervenants pr\u00e9c\u00e9dents avec <strong>des exemples concrets de projets num\u00e9riques mis en place<\/strong>\u00a0au service du d\u00e9veloppement \u00e9conomique et social d\u2019un territoire tel que : <strong>le tourisme en r\u00e9alit\u00e9 augment\u00e9, salle de coworking, t\u00e9l\u00e9m\u00e9decine, etc<\/strong>.\u00a0Grace \u00e0 ces actions, la commune rurale de <strong>Bras-sur-Meuse\u00a0est ainsi devenue un territoire attractif et le village le plus connect\u00e9 de France !<\/strong><\/td>\n<\/tr>\n<tr>\n<td><img src=\"\/site\/wp-content\/uploads\/2025\/11\/kiosque.jpg\" alt=\"\" width=\"343\" height=\"258\" \/><\/td>\n<td>\n<h5>Un parcours de la donn\u00e9e en 4 kiosques<\/h5>\nL\u2019apr\u00e8s-midi les participants ont pu d\u00e9couvrir <strong>4 kiosques th\u00e9matiques:\u00a0foncier, num\u00e9rique, mobilit\u00e9 et \u00e9nerg\u00e9tique\u00a0dans lesquels 12 acteurs du territoire ont pr\u00e9sent\u00e9 des donn\u00e9es, outils, et cas concrets r\u00e9pondant\u00a0aux enjeux de sobri\u00e9t\u00e9<\/strong>. Ce moment d\u2019\u00e9changes a aussi permis d\u2019\u00e9largir et consolider le r\u00e9seau DataGrandEst.\n\n&nbsp;<\/td>\n<\/tr>\n<\/tbody>\n<\/table>\n&nbsp;\n<h5>Les participants ont ainsi pu, au cours de cet \u00e9v\u00e9nement, aiguiser leur connaissance sur le potentiel des donn\u00e9es au service des territoires et de la sobri\u00e9t\u00e9, partager leurs retours d\u2019exp\u00e9rience, \u00e9changer leurs points de vue, avant de rentrer riche d\u2019id\u00e9es et de projets \u00e0 mettre en \u0153uvre, chacun \u00e0 son niveau, tout en s\u2019appuyant sur les services d\u00e9ploy\u00e9s par DataGrandEst ! <a href=\"\/site\/fr\/agenda\/rencontres-regionales-donnee-du-grand-est-0\" target=\"_blank\" rel=\"noopener\">Retrouvez le compte rendu de la journ\u00e9e et les pr\u00e9sentations directement en ligne.<\/a> Nous vous donnons dores et d\u00e9j\u00e0 rendez-vous en 2023 pour les prochaines animations DataGrandEst et les \u00ab 3\u00e8mes Rencontres r\u00e9gionales de la donn\u00e9e en Grand Est \u00bb, les 13 et 14 septembre \u00e0 Reims, \u00e0 l\u2019occasion des G\u00e9oDataDays .<\/h5>","couleur_de_fond":"transparent","taille_de_la_zone":"large-content","position_texte":"center","image_de_fond":""}]},"yoast_head":"<!-- This site is optimized with the Yoast SEO plugin v27.4 - https:\/\/yoast.com\/product\/yoast-seo-wordpress\/ -->\n<title>Les 2\u00e8mes Rencontres r\u00e9gionales de la donn\u00e9e plac\u00e9es sous le signe de la sobri\u00e9t\u00e9 - DataGrandEst<\/title>\n<meta name=\"robots\" content=\"index, follow, max-snippet:-1, max-image-preview:large, max-video-preview:-1\" \/>\n<link rel=\"canonical\" href=\"https:\/\/www.datagrandest.fr\/site\/actualite\/les-2emes-rencontres-regionales-de-la-donnee-placees-sous-le-signe-de-la-sobriete\/\" \/>\n<meta property=\"og:locale\" content=\"fr_FR\" \/>\n<meta property=\"og:type\" content=\"article\" \/>\n<meta property=\"og:title\" content=\"Les 2\u00e8mes Rencontres r\u00e9gionales de la donn\u00e9e plac\u00e9es sous le signe de la sobri\u00e9t\u00e9 - DataGrandEst\" \/>\n<meta property=\"og:url\" content=\"https:\/\/www.datagrandest.fr\/site\/actualite\/les-2emes-rencontres-regionales-de-la-donnee-placees-sous-le-signe-de-la-sobriete\/\" \/>\n<meta property=\"og:site_name\" content=\"DataGrandEst\" \/>\n<meta property=\"article:modified_time\" content=\"2025-11-25T10:00:04+00:00\" \/>\n<meta name=\"twitter:card\" content=\"summary_large_image\" \/>\n<meta name=\"twitter:label1\" content=\"Dur\u00e9e de lecture estim\u00e9e\" \/>\n\t<meta name=\"twitter:data1\" content=\"4 minutes\" \/>\n<script type=\"application\/ld+json\" class=\"yoast-schema-graph\">{\"@context\":\"https:\\\/\\\/schema.org\",\"@graph\":[{\"@type\":\"WebPage\",\"@id\":\"https:\\\/\\\/www.datagrandest.fr\\\/site\\\/actualite\\\/les-2emes-rencontres-regionales-de-la-donnee-placees-sous-le-signe-de-la-sobriete\\\/\",\"url\":\"https:\\\/\\\/www.datagrandest.fr\\\/site\\\/actualite\\\/les-2emes-rencontres-regionales-de-la-donnee-placees-sous-le-signe-de-la-sobriete\\\/\",\"name\":\"Les 2\u00e8mes Rencontres r\u00e9gionales de la donn\u00e9e plac\u00e9es sous le signe de la sobri\u00e9t\u00e9 - DataGrandEst\",\"isPartOf\":{\"@id\":\"https:\\\/\\\/www.datagrandest.fr\\\/site\\\/#website\"},\"datePublished\":\"2022-12-08T06:43:17+00:00\",\"dateModified\":\"2025-11-25T10:00:04+00:00\",\"breadcrumb\":{\"@id\":\"https:\\\/\\\/www.datagrandest.fr\\\/site\\\/actualite\\\/les-2emes-rencontres-regionales-de-la-donnee-placees-sous-le-signe-de-la-sobriete\\\/#breadcrumb\"},\"inLanguage\":\"fr-FR\",\"potentialAction\":[{\"@type\":\"ReadAction\",\"target\":[\"https:\\\/\\\/www.datagrandest.fr\\\/site\\\/actualite\\\/les-2emes-rencontres-regionales-de-la-donnee-placees-sous-le-signe-de-la-sobriete\\\/\"]}]},{\"@type\":\"BreadcrumbList\",\"@id\":\"https:\\\/\\\/www.datagrandest.fr\\\/site\\\/actualite\\\/les-2emes-rencontres-regionales-de-la-donnee-placees-sous-le-signe-de-la-sobriete\\\/#breadcrumb\",\"itemListElement\":[{\"@type\":\"ListItem\",\"position\":1,\"name\":\"Accueil\",\"item\":\"https:\\\/\\\/www.datagrandest.fr\\\/site\\\/\"},{\"@type\":\"ListItem\",\"position\":2,\"name\":\"Actualit\u00e9s\",\"item\":\"https:\\\/\\\/www.datagrandest.fr\\\/site\\\/actualite\\\/\"},{\"@type\":\"ListItem\",\"position\":3,\"name\":\"Les 2\u00e8mes Rencontres r\u00e9gionales de la donn\u00e9e plac\u00e9es sous le signe de la sobri\u00e9t\u00e9\"}]},{\"@type\":\"WebSite\",\"@id\":\"https:\\\/\\\/www.datagrandest.fr\\\/site\\\/#website\",\"url\":\"https:\\\/\\\/www.datagrandest.fr\\\/site\\\/\",\"name\":\"DataGrandEst\",\"description\":\"\",\"potentialAction\":[{\"@type\":\"SearchAction\",\"target\":{\"@type\":\"EntryPoint\",\"urlTemplate\":\"https:\\\/\\\/www.datagrandest.fr\\\/site\\\/?s={search_term_string}\"},\"query-input\":{\"@type\":\"PropertyValueSpecification\",\"valueRequired\":true,\"valueName\":\"search_term_string\"}}],\"inLanguage\":\"fr-FR\"}]}<\/script>\n<!-- \/ Yoast SEO plugin. -->","yoast_head_json":{"title":"Les 2\u00e8mes Rencontres r\u00e9gionales de la donn\u00e9e plac\u00e9es sous le signe de la sobri\u00e9t\u00e9 - DataGrandEst","robots":{"index":"index","follow":"follow","max-snippet":"max-snippet:-1","max-image-preview":"max-image-preview:large","max-video-preview":"max-video-preview:-1"},"canonical":"https:\/\/www.datagrandest.fr\/site\/actualite\/les-2emes-rencontres-regionales-de-la-donnee-placees-sous-le-signe-de-la-sobriete\/","og_locale":"fr_FR","og_type":"article","og_title":"Les 2\u00e8mes Rencontres r\u00e9gionales de la donn\u00e9e plac\u00e9es sous le signe de la sobri\u00e9t\u00e9 - DataGrandEst","og_url":"https:\/\/www.datagrandest.fr\/site\/actualite\/les-2emes-rencontres-regionales-de-la-donnee-placees-sous-le-signe-de-la-sobriete\/","og_site_name":"DataGrandEst","article_modified_time":"2025-11-25T10:00:04+00:00","twitter_card":"summary_large_image","twitter_misc":{"Dur\u00e9e de lecture estim\u00e9e":"4 minutes"},"schema":{"@context":"https:\/\/schema.org","@graph":[{"@type":"WebPage","@id":"https:\/\/www.datagrandest.fr\/site\/actualite\/les-2emes-rencontres-regionales-de-la-donnee-placees-sous-le-signe-de-la-sobriete\/","url":"https:\/\/www.datagrandest.fr\/site\/actualite\/les-2emes-rencontres-regionales-de-la-donnee-placees-sous-le-signe-de-la-sobriete\/","name":"Les 2\u00e8mes Rencontres r\u00e9gionales de la donn\u00e9e plac\u00e9es sous le signe de la sobri\u00e9t\u00e9 - DataGrandEst","isPartOf":{"@id":"https:\/\/www.datagrandest.fr\/site\/#website"},"datePublished":"2022-12-08T06:43:17+00:00","dateModified":"2025-11-25T10:00:04+00:00","breadcrumb":{"@id":"https:\/\/www.datagrandest.fr\/site\/actualite\/les-2emes-rencontres-regionales-de-la-donnee-placees-sous-le-signe-de-la-sobriete\/#breadcrumb"},"inLanguage":"fr-FR","potentialAction":[{"@type":"ReadAction","target":["https:\/\/www.datagrandest.fr\/site\/actualite\/les-2emes-rencontres-regionales-de-la-donnee-placees-sous-le-signe-de-la-sobriete\/"]}]},{"@type":"BreadcrumbList","@id":"https:\/\/www.datagrandest.fr\/site\/actualite\/les-2emes-rencontres-regionales-de-la-donnee-placees-sous-le-signe-de-la-sobriete\/#breadcrumb","itemListElement":[{"@type":"ListItem","position":1,"name":"Accueil","item":"https:\/\/www.datagrandest.fr\/site\/"},{"@type":"ListItem","position":2,"name":"Actualit\u00e9s","item":"https:\/\/www.datagrandest.fr\/site\/actualite\/"},{"@type":"ListItem","position":3,"name":"Les 2\u00e8mes Rencontres r\u00e9gionales de la donn\u00e9e plac\u00e9es sous le signe de la sobri\u00e9t\u00e9"}]},{"@type":"WebSite","@id":"https:\/\/www.datagrandest.fr\/site\/#website","url":"https:\/\/www.datagrandest.fr\/site\/","name":"DataGrandEst","description":"","potentialAction":[{"@type":"SearchAction","target":{"@type":"EntryPoint","urlTemplate":"https:\/\/www.datagrandest.fr\/site\/?s={search_term_string}"},"query-input":{"@type":"PropertyValueSpecification","valueRequired":true,"valueName":"search_term_string"}}],"inLanguage":"fr-FR"}]}},"_links":{"self":[{"href":"https:\/\/www.datagrandest.fr\/site\/wp-json\/wp\/v2\/actualite\/1067","targetHints":{"allow":["GET"]}}],"collection":[{"href":"https:\/\/www.datagrandest.fr\/site\/wp-json\/wp\/v2\/actualite"}],"about":[{"href":"https:\/\/www.datagrandest.fr\/site\/wp-json\/wp\/v2\/types\/actualite"}],"version-history":[{"count":2,"href":"https:\/\/www.datagrandest.fr\/site\/wp-json\/wp\/v2\/actualite\/1067\/revisions"}],"predecessor-version":[{"id":2619,"href":"https:\/\/www.datagrandest.fr\/site\/wp-json\/wp\/v2\/actualite\/1067\/revisions\/2619"}],"wp:attachment":[{"href":"https:\/\/www.datagrandest.fr\/site\/wp-json\/wp\/v2\/media?parent=1067"}],"wp:term":[{"taxonomy":"source","embeddable":true,"href":"https:\/\/www.datagrandest.fr\/site\/wp-json\/wp\/v2\/source?post=1067"},{"taxonomy":"thematique_globale","embeddable":true,"href":"https:\/\/www.datagrandest.fr\/site\/wp-json\/wp\/v2\/thematique_globale?post=1067"}],"curies":[{"name":"wp","href":"https:\/\/api.w.org\/{rel}","templated":true}]}}