{"id":1075,"date":"2022-11-15T02:49:20","date_gmt":"2022-11-15T01:49:20","guid":{"rendered":"https:\/\/dev.datagrandest.fr\/site\/actualite\/2eme-rencontres-regionales-de-la-donnee-du-grand-est\/"},"modified":"2025-11-25T10:45:22","modified_gmt":"2025-11-25T09:45:22","slug":"2eme-rencontres-regionales-de-la-donnee-du-grand-est","status":"publish","type":"actualite","link":"https:\/\/www.datagrandest.fr\/site\/actualite\/2eme-rencontres-regionales-de-la-donnee-du-grand-est\/","title":{"rendered":"2\u00e8me RENCONTRES R\u00c9GIONALES DE LA DONN\u00c9E DU GRAND EST"},"template":"","meta":{"_acf_changed":false,"_relevanssi_hide_post":"","_relevanssi_hide_content":"","_relevanssi_pin_for_all":"","_relevanssi_pin_keywords":"","_relevanssi_unpin_keywords":"","_relevanssi_related_keywords":"","_relevanssi_related_include_ids":"","_relevanssi_related_exclude_ids":"","_relevanssi_related_no_append":"","_relevanssi_related_not_related":"","_relevanssi_related_posts":"","_relevanssi_noindex_reason":""},"source":[],"thematique_globale":[],"class_list":["post-1075","actualite","type-actualite","status-publish","hentry"],"acf":{"glo_image":1076,"glo_intro":"","glo_car_surcharge_titre":"","glo_car_surcharge_lien":"","cms_contenus_flexibles":[{"acf_fc_layout":"flex_texte_libre","show_title":false,"titre_de_section":"","contenu":"<h2>Comment piloter par la donn\u00e9e nos territoires en qu\u00eate de sobri\u00e9t\u00e9 ?<\/h2>\r\nA l\u2019heure o\u00f9 la COP 27 bat son plein et o\u00f9 la hausse des prix de l\u2019\u00e9nergie, voire leur possible p\u00e9nurie, nous inqui\u00e8tent tous, les enjeux de la transition \u00e9cologique et de la transition \u00e9nerg\u00e9tique, tout comme les solutions \u00e0 imaginer puis \u00e0 d\u00e9velopper pour y r\u00e9pondre, m\u00e9ritent d\u2019\u00eatre questionn\u00e9s.\r\n\r\nLes outils du num\u00e9rique peuvent nous aider dans cette d\u00e9marche : chaque jour, des volumes de donn\u00e9es de plus en plus cons\u00e9quents sont collect\u00e9s, analys\u00e9s, synth\u00e9tis\u00e9s, et permettent de disposer de statistiques et de cartographies th\u00e9matiques de nos territoires \u00e0 diff\u00e9rentes \u00e9chelles. Les donn\u00e9es agr\u00e9g\u00e9es, du local au global, peuvent ainsi fournir une aide \u00e0 la d\u00e9cision pr\u00e9cieuse, par les informations structurantes qu\u2019elles procurent.\r\n\r\nC\u2019est dans ce contexte que se tiendront, <strong>le mardi 29 novembre prochain, au Palais des Congr\u00e8s de Strasbourg, les 2e Rencontres R\u00e9gionales de la Donn\u00e9e du Grand Est.<\/strong>\r\n\r\nFace aux d\u00e9fis climatiques et \u00e9conomiques qui s\u2019imposent \u00e0 tous, le th\u00e8me retenu cette ann\u00e9e porte sur la sobri\u00e9t\u00e9 et l\u2019apport des donn\u00e9es pour servir les politiques publiques, tant dans le domaine du foncier, que de l\u2019\u00e9nergie, de la mobilit\u00e9 ou m\u00eame, du num\u00e9rique.\r\n\r\nQuelles donn\u00e9es utiliser pour limiter l\u2019\u00e9talement urbain et pr\u00e9server les espaces naturels, agricoles et forestiers, tout en garantissant un d\u00e9veloppement \u00e9conomique et social pertinent des territoires ? Comment baisser notre facture \u00e9nerg\u00e9tique gr\u00e2ce \u00e0 l\u2019exploitation des donn\u00e9es num\u00e9riques ? Quelles donn\u00e9es et outils num\u00e9riques pour repenser le mix \u00e9nerg\u00e9tique des territoires dans le cadre des documents strat\u00e9giques (SRADDET, PCAET\u2026) ? Comment favoriser les d\u00e9placements en mode doux en interagissant avec les donn\u00e9es ? Comment utiliser les donn\u00e9es avec sobri\u00e9t\u00e9 ?\r\n\r\n&nbsp;\r\n<h2>Un programme riche en exp\u00e9riences<\/h2>\r\nAutant de questions auxquelles les diff\u00e9rents intervenants s\u2019attacheront \u00e0 r\u00e9pondre tout au long de la journ\u00e9e, afin que vous puissiez repartir riches de nouvelles exp\u00e9riences et plein d\u2019id\u00e9es.\r\n\r\nA noter que nous serons honor\u00e9s de la pr\u00e9sence de Jean Rottner, Pr\u00e9sident de la R\u00e9gion Grand Est, qui viendra renouveler son soutien \u00e0 la d\u00e9marche engag\u00e9e conjointement par l\u2019Etat et la R\u00e9gion pour le d\u00e9veloppement d\u2019un v\u00e9ritable service public de la donn\u00e9e r\u00e9gionale, au travers du projet DataGrandEst.\r\n\r\nLa matin\u00e9e, organis\u00e9e autour de deux tables rondes, sera cl\u00f4tur\u00e9e par une pr\u00e9sentation \u00ab inspirante \u00bb. L\u2019apr\u00e8s-midi, une douzaine d\u2019ateliers-d\u00e9bats, r\u00e9partis en 4 kiosques th\u00e9matiques, vous permettra de d\u00e9battre avec intervenants et participants sur les modalit\u00e9s d\u2019usage des donn\u00e9es num\u00e9riques, pour \u00e9valuer la consommation d\u2019espace et r\u00e9pondre aux exigences du \u00ab Z\u00e9ro Artificialisation Nette \u00bb, estimer le potentiel des \u00e9nergies renouvelables sur un territoire, encourager de nouveaux comportements moins \u00e9nergivores, ou r\u00e9fl\u00e9chir \u00e0 un usage vertueux des donn\u00e9es, en les stockant mieux et en les partageant. Et bien d\u2019autres sujets encore\u2026\r\n\r\nVous \u00eates disponible le 29 novembre ? Alors n\u2019h\u00e9sitez plus ! Rejoignez-nous en vous inscrivant pour une journ\u00e9e d\u2019\u00e9changes et de r\u00e9flexion !\r\n\r\n&nbsp;\r\n\r\n&nbsp;\r\n\r\n<a class=\"btn btn-yellow\" role=\"button\" href=\"\/site\/fr\/agenda\/rencontres-regionales-donnee-du-grand-est-0\" target=\"_blank\" rel=\"noopener\">M'INSCRIRE<\/a>","couleur_de_fond":"transparent","taille_de_la_zone":"large-content","position_texte":"center","image_de_fond":""}]},"yoast_head":"<!-- This site is optimized with the Yoast SEO plugin v27.4 - https:\/\/yoast.com\/product\/yoast-seo-wordpress\/ -->\n<title>2\u00e8me RENCONTRES R\u00c9GIONALES DE LA DONN\u00c9E DU GRAND EST - DataGrandEst<\/title>\n<meta name=\"robots\" content=\"index, follow, max-snippet:-1, max-image-preview:large, max-video-preview:-1\" \/>\n<link rel=\"canonical\" href=\"https:\/\/www.datagrandest.fr\/site\/actualite\/2eme-rencontres-regionales-de-la-donnee-du-grand-est\/\" \/>\n<meta property=\"og:locale\" content=\"fr_FR\" \/>\n<meta property=\"og:type\" content=\"article\" \/>\n<meta property=\"og:title\" content=\"2\u00e8me RENCONTRES R\u00c9GIONALES DE LA DONN\u00c9E DU GRAND EST - DataGrandEst\" \/>\n<meta property=\"og:url\" content=\"https:\/\/www.datagrandest.fr\/site\/actualite\/2eme-rencontres-regionales-de-la-donnee-du-grand-est\/\" \/>\n<meta property=\"og:site_name\" content=\"DataGrandEst\" \/>\n<meta property=\"article:modified_time\" content=\"2025-11-25T09:45:22+00:00\" \/>\n<meta name=\"twitter:card\" content=\"summary_large_image\" \/>\n<meta name=\"twitter:label1\" content=\"Dur\u00e9e de lecture estim\u00e9e\" \/>\n\t<meta name=\"twitter:data1\" content=\"3 minutes\" \/>\n<script type=\"application\/ld+json\" class=\"yoast-schema-graph\">{\"@context\":\"https:\\\/\\\/schema.org\",\"@graph\":[{\"@type\":\"WebPage\",\"@id\":\"https:\\\/\\\/www.datagrandest.fr\\\/site\\\/actualite\\\/2eme-rencontres-regionales-de-la-donnee-du-grand-est\\\/\",\"url\":\"https:\\\/\\\/www.datagrandest.fr\\\/site\\\/actualite\\\/2eme-rencontres-regionales-de-la-donnee-du-grand-est\\\/\",\"name\":\"2\u00e8me RENCONTRES R\u00c9GIONALES DE LA DONN\u00c9E DU GRAND EST - DataGrandEst\",\"isPartOf\":{\"@id\":\"https:\\\/\\\/www.datagrandest.fr\\\/site\\\/#website\"},\"datePublished\":\"2022-11-15T01:49:20+00:00\",\"dateModified\":\"2025-11-25T09:45:22+00:00\",\"breadcrumb\":{\"@id\":\"https:\\\/\\\/www.datagrandest.fr\\\/site\\\/actualite\\\/2eme-rencontres-regionales-de-la-donnee-du-grand-est\\\/#breadcrumb\"},\"inLanguage\":\"fr-FR\",\"potentialAction\":[{\"@type\":\"ReadAction\",\"target\":[\"https:\\\/\\\/www.datagrandest.fr\\\/site\\\/actualite\\\/2eme-rencontres-regionales-de-la-donnee-du-grand-est\\\/\"]}]},{\"@type\":\"BreadcrumbList\",\"@id\":\"https:\\\/\\\/www.datagrandest.fr\\\/site\\\/actualite\\\/2eme-rencontres-regionales-de-la-donnee-du-grand-est\\\/#breadcrumb\",\"itemListElement\":[{\"@type\":\"ListItem\",\"position\":1,\"name\":\"Accueil\",\"item\":\"https:\\\/\\\/www.datagrandest.fr\\\/site\\\/\"},{\"@type\":\"ListItem\",\"position\":2,\"name\":\"Actualit\u00e9s\",\"item\":\"https:\\\/\\\/www.datagrandest.fr\\\/site\\\/actualite\\\/\"},{\"@type\":\"ListItem\",\"position\":3,\"name\":\"2\u00e8me RENCONTRES R\u00c9GIONALES DE LA DONN\u00c9E DU GRAND EST\"}]},{\"@type\":\"WebSite\",\"@id\":\"https:\\\/\\\/www.datagrandest.fr\\\/site\\\/#website\",\"url\":\"https:\\\/\\\/www.datagrandest.fr\\\/site\\\/\",\"name\":\"DataGrandEst\",\"description\":\"\",\"potentialAction\":[{\"@type\":\"SearchAction\",\"target\":{\"@type\":\"EntryPoint\",\"urlTemplate\":\"https:\\\/\\\/www.datagrandest.fr\\\/site\\\/?s={search_term_string}\"},\"query-input\":{\"@type\":\"PropertyValueSpecification\",\"valueRequired\":true,\"valueName\":\"search_term_string\"}}],\"inLanguage\":\"fr-FR\"}]}<\/script>\n<!-- \/ Yoast SEO plugin. -->","yoast_head_json":{"title":"2\u00e8me RENCONTRES R\u00c9GIONALES DE LA DONN\u00c9E DU GRAND EST - DataGrandEst","robots":{"index":"index","follow":"follow","max-snippet":"max-snippet:-1","max-image-preview":"max-image-preview:large","max-video-preview":"max-video-preview:-1"},"canonical":"https:\/\/www.datagrandest.fr\/site\/actualite\/2eme-rencontres-regionales-de-la-donnee-du-grand-est\/","og_locale":"fr_FR","og_type":"article","og_title":"2\u00e8me RENCONTRES R\u00c9GIONALES DE LA DONN\u00c9E DU GRAND EST - DataGrandEst","og_url":"https:\/\/www.datagrandest.fr\/site\/actualite\/2eme-rencontres-regionales-de-la-donnee-du-grand-est\/","og_site_name":"DataGrandEst","article_modified_time":"2025-11-25T09:45:22+00:00","twitter_card":"summary_large_image","twitter_misc":{"Dur\u00e9e de lecture estim\u00e9e":"3 minutes"},"schema":{"@context":"https:\/\/schema.org","@graph":[{"@type":"WebPage","@id":"https:\/\/www.datagrandest.fr\/site\/actualite\/2eme-rencontres-regionales-de-la-donnee-du-grand-est\/","url":"https:\/\/www.datagrandest.fr\/site\/actualite\/2eme-rencontres-regionales-de-la-donnee-du-grand-est\/","name":"2\u00e8me RENCONTRES R\u00c9GIONALES DE LA DONN\u00c9E DU GRAND EST - DataGrandEst","isPartOf":{"@id":"https:\/\/www.datagrandest.fr\/site\/#website"},"datePublished":"2022-11-15T01:49:20+00:00","dateModified":"2025-11-25T09:45:22+00:00","breadcrumb":{"@id":"https:\/\/www.datagrandest.fr\/site\/actualite\/2eme-rencontres-regionales-de-la-donnee-du-grand-est\/#breadcrumb"},"inLanguage":"fr-FR","potentialAction":[{"@type":"ReadAction","target":["https:\/\/www.datagrandest.fr\/site\/actualite\/2eme-rencontres-regionales-de-la-donnee-du-grand-est\/"]}]},{"@type":"BreadcrumbList","@id":"https:\/\/www.datagrandest.fr\/site\/actualite\/2eme-rencontres-regionales-de-la-donnee-du-grand-est\/#breadcrumb","itemListElement":[{"@type":"ListItem","position":1,"name":"Accueil","item":"https:\/\/www.datagrandest.fr\/site\/"},{"@type":"ListItem","position":2,"name":"Actualit\u00e9s","item":"https:\/\/www.datagrandest.fr\/site\/actualite\/"},{"@type":"ListItem","position":3,"name":"2\u00e8me RENCONTRES R\u00c9GIONALES DE LA DONN\u00c9E DU GRAND EST"}]},{"@type":"WebSite","@id":"https:\/\/www.datagrandest.fr\/site\/#website","url":"https:\/\/www.datagrandest.fr\/site\/","name":"DataGrandEst","description":"","potentialAction":[{"@type":"SearchAction","target":{"@type":"EntryPoint","urlTemplate":"https:\/\/www.datagrandest.fr\/site\/?s={search_term_string}"},"query-input":{"@type":"PropertyValueSpecification","valueRequired":true,"valueName":"search_term_string"}}],"inLanguage":"fr-FR"}]}},"_links":{"self":[{"href":"https:\/\/www.datagrandest.fr\/site\/wp-json\/wp\/v2\/actualite\/1075","targetHints":{"allow":["GET"]}}],"collection":[{"href":"https:\/\/www.datagrandest.fr\/site\/wp-json\/wp\/v2\/actualite"}],"about":[{"href":"https:\/\/www.datagrandest.fr\/site\/wp-json\/wp\/v2\/types\/actualite"}],"version-history":[{"count":3,"href":"https:\/\/www.datagrandest.fr\/site\/wp-json\/wp\/v2\/actualite\/1075\/revisions"}],"predecessor-version":[{"id":2608,"href":"https:\/\/www.datagrandest.fr\/site\/wp-json\/wp\/v2\/actualite\/1075\/revisions\/2608"}],"wp:attachment":[{"href":"https:\/\/www.datagrandest.fr\/site\/wp-json\/wp\/v2\/media?parent=1075"}],"wp:term":[{"taxonomy":"source","embeddable":true,"href":"https:\/\/www.datagrandest.fr\/site\/wp-json\/wp\/v2\/source?post=1075"},{"taxonomy":"thematique_globale","embeddable":true,"href":"https:\/\/www.datagrandest.fr\/site\/wp-json\/wp\/v2\/thematique_globale?post=1075"}],"curies":[{"name":"wp","href":"https:\/\/api.w.org\/{rel}","templated":true}]}}