{"id":1084,"date":"2022-07-25T12:24:16","date_gmt":"2022-07-25T10:24:16","guid":{"rendered":"https:\/\/dev.datagrandest.fr\/site\/actualite\/decouvrez-le-programme-automnal-des-evenements-de-datagrandest\/"},"modified":"2025-11-25T10:43:50","modified_gmt":"2025-11-25T09:43:50","slug":"decouvrez-le-programme-automnal-des-evenements-de-datagrandest","status":"publish","type":"actualite","link":"https:\/\/www.datagrandest.fr\/site\/actualite\/decouvrez-le-programme-automnal-des-evenements-de-datagrandest\/","title":{"rendered":"D\u00e9couvrez le programme automnal des \u00e9v\u00e8nements de DataGrandEst"},"template":"","meta":{"_acf_changed":false,"_relevanssi_hide_post":"","_relevanssi_hide_content":"","_relevanssi_pin_for_all":"","_relevanssi_pin_keywords":"","_relevanssi_unpin_keywords":"","_relevanssi_related_keywords":"","_relevanssi_related_include_ids":"","_relevanssi_related_exclude_ids":"","_relevanssi_related_no_append":"","_relevanssi_related_not_related":"","_relevanssi_related_posts":"","_relevanssi_noindex_reason":""},"source":[],"thematique_globale":[75,76],"class_list":["post-1084","actualite","type-actualite","status-publish","hentry","thematique_globale-journee-danimation","thematique_globale-groupes-de-travail"],"acf":{"glo_image":1085,"glo_intro":"","glo_car_surcharge_titre":"","glo_car_surcharge_lien":"","cms_contenus_flexibles":[{"acf_fc_layout":"flex_texte_libre","show_title":false,"titre_de_section":"","contenu":"L'\u00e9quipe DataGrandEst vous propose plusieurs rendez-vous d\u00e8s la rentr\u00e9e pour parler \"donn\u00e9e\"!\r\n\r\n&nbsp;\r\n<h3>Le retour des webinaires \"le jeudi, adonnez-vous \u00e0 la donn\u00e9e\"<\/h3>\r\nApr\u00e8s une courte pause estivale, les webinaires reviennent en ligne, tous les premiers jeudis du mois de 11h \u00e0 12h.\r\n\r\nAu programme\u00a0 :\r\n<ul>\r\n \t<li><a href=\"\/site\/fr\/agenda\/webinaire-bd-ortho\" target=\"_blank\" rel=\"noopener\">La BD ORTHO - 1er septembre 2022<\/a><\/li>\r\n \t<li><a href=\"\/site\/fr\/agenda\/webinaire-standardisation-0\" target=\"_blank\" rel=\"noopener\">La standardisation des donn\u00e9es - 6 octore 2022<\/a><\/li>\r\n \t<li><a href=\"\/site\/fr\/agenda\/webinaire-laccessibilite-0\" target=\"_blank\" rel=\"noopener\">Les donn\u00e9es d'accessibilit\u00e9 - 3 novembre 2022<\/a><\/li>\r\n<\/ul>\r\n&nbsp;\r\n<h3>Une s\u00e9rie de groupes de travail pour piloter, partager, produire et valoriser les donn\u00e9es<\/h3>\r\nVous d\u00e9sirez participer \u00e0 l'\u00e9laboration d'un service d'appui juridique, ouvrir vos donn\u00e9es budg\u00e9taires ou encore r\u00e9fl\u00e9chir \u00e0 la standardisation des donn\u00e9es d'am\u00e9nagements cyclables <a href=\"\/site\/fr\/form\/inscription-nouveaux-groupes-travail-datagrandest\" target=\"_blank\" rel=\"noopener\">rejoignez d\u00e8s maintenant<\/a> les groupes de travail mis en place par l'\u00e9quipe de DataGrandEst.\r\n\r\nCes groupes se tiendront en ligne et tourneront principalement autour des th\u00e8mes suivants :\r\n<ul>\r\n \t<li><a href=\"\/site\/fr\/agenda\/groupe-travail-gouvernance-et-service-dappui-juridique\" target=\"_blank\" rel=\"noopener\">Gouvernance et service d'appui juridique - vendredi 2 septembre - 10h30 \u00e0 12h<\/a><\/li>\r\n \t<li><a href=\"\/site\/fr\/agenda\/groupe-travail-ouvre-donnees-budgetaires-ta-collectivite\" target=\"_blank\" rel=\"noopener\">Ouvre les donn\u00e9es budg\u00e9taires de ta collectivit\u00e9 - mardi 6 septembre - 10h30 \u00e0 12h<\/a><\/li>\r\n \t<li><a href=\"\/site\/fr\/agenda\/groupe-travail-valorise-ta-data\" target=\"_blank\" rel=\"noopener\">Valorise ta data - mardi 11 octobre - 11h \u00e0 12h<\/a><\/li>\r\n \t<li><a href=\"\/site\/fr\/agenda\/groupe-travail-accede-facilement-donnees-socio-demo-economiques\" target=\"_blank\" rel=\"noopener\">Acc\u00e8de facilement aux donn\u00e9es socio-d\u00e9mo-\u00e9conomiques - vendredi 14 octobre - 10h \u00e0 12h<\/a><\/li>\r\n \t<li><a href=\"\/site\/fr\/agenda\/groupe-travail-standardise-tes-donnees-damenagements-cyclables\" target=\"_blank\" rel=\"noopener\">Standardise tes donn\u00e9es d'am\u00e9nagements cyclables - jeudi 21 octobre - 9h \u00e0 10h<\/a><\/li>\r\n<\/ul>\r\n&nbsp;\r\n\r\n<a role=\"button\" href=\"\/site\/fr\/form\/inscription-nouveaux-groupes-travail-datagrandest\" target=\"_blank\" rel=\"noopener\">REJOINDRE LE GROUPE DE TRAVAIL<\/a>\r\n\r\n&nbsp;\r\n\r\nEt bien s\u00fbr, vous pouvez toujours rejoindre les groupes en place :\r\n<ul>\r\n \t<li><a href=\"\/site\/fr\/agenda\/groupe-travail-occupation-du-sol-ocsge2\" target=\"_blank\" rel=\"noopener\">Occupation du sol (OCS GE2) - jeudi 8 septembre - 10h \u00e0 11h<\/a><\/li>\r\n \t<li><a href=\"\/site\/fr\/agenda\/groupe-travail-plan-corps-rue-simplifie-pcrs\" target=\"_blank\" rel=\"noopener\">Plan corps de rue simplifi\u00e9e (PCRS) - jeudi 17 novembre - 9h \u00e0 10h<\/a><\/li>\r\n<\/ul>\r\nEnfin, sachez que l\u2019IGN pilote un groupe intitul\u00e9 \"Contribution directe sur la BD Topo \". Pour y participer, <a href=\"\/site\/fr\/form\/contactez-nous\">contactez-nous<\/a>, nous transmettrons votre demande \u00e0 l'IGN.\r\n<h3><\/h3>\r\n<h3>DataGrandEst \u00e0 votre rencontre<\/h3>\r\nL'\u00e9quipe de DataGrandEst organisera \u00e9galement des \u00e9v\u00e8nements en pr\u00e9sentiel afin d'\u00e9changer de vive voix sur les enjeux de la donn\u00e9e tant au niveau d\u00e9partemental que r\u00e9gional, mais aussi autour de th\u00e9matiques sp\u00e9cifiques.\r\n\r\nAu programme :\r\n<ul>\r\n \t<li><a href=\"\/site\/fr\/agenda\/journee-danimation-datagrandest-cap-sur-mobilite\" target=\"_blank\" rel=\"noopener\">Journ\u00e9e th\u00e9matique sur la mobilit\u00e9 \u00e0 Bezannes - jeudi 22 septembre 2022 de 9h30 \u00e0 16h30<\/a><\/li>\r\n \t<li><a href=\"\/site\/fr\/agenda\/animation-departementale-marne\" target=\"_blank\" rel=\"noopener\">Journ\u00e9e territoriale de la Marne \u00e0 Ch\u00e2lons-en-Champagne\u00a0- mardi 8 novembre 2022<\/a><\/li>\r\n \t<li>Journ\u00e9e r\u00e9gionale de la donn\u00e9e en Grand Est. Ev\u00e8nement marquant de 2021, nous vous proposons de renouveler l'exp\u00e9rience et nous vous attendrons nombreux \u00e0 Strasbourg cette ann\u00e9e. La date vous sera communiqu\u00e9e tr\u00e8s prochainement.<\/li>\r\n<\/ul>\r\n&nbsp;\r\n\r\nL'\u00e9quipe sera \u00e9galement pr\u00e9sente \u00e0 diff\u00e9rentes manifestations de partenaires pour rencontrer des publics divers et vari\u00e9s : du technicien de la donn\u00e9e,\u00a0 au grand public l'objectif reste le m\u00eame : faire de la donn\u00e9e, l'innovation de demain !\r\n<ul>\r\n \t<li><a href=\"\/site\/fr\/agenda\/geodatadays-datagrandest-present-ledition-2022\" target=\"_blank\" rel=\"noopener\">Edition 2022 des G\u00e9odatadays au Futuroscope de Poitiers - du mercredi 14 au jeudi 15 septembre 2022<\/a><\/li>\r\n \t<li><a href=\"\/site\/fr\/agenda\/rencontre-sig-du-grand-est-organisee-par-leurope-vue-du-ciel-1\" target=\"_blank\" rel=\"noopener\">Rencontre SIG organis\u00e9e par l'Europe Vue du Ciel - vendredi 30 septembre, \u00e0 partir de 9h<\/a><\/li>\r\n \t<li><a href=\"\/site\/fr\/agenda\/festival-international-geographie-1\" target=\"_blank\" rel=\"noopener\">Festival international de G\u00e9ographie \u00e0 Saint-Di\u00e9-des-Vosges - du vendredi 30 septembre au dimanche 2 octobre 2022<\/a><\/li>\r\n<\/ul>\r\n&nbsp;\r\n\r\n&nbsp;","couleur_de_fond":"transparent","taille_de_la_zone":"large-content","position_texte":"center","image_de_fond":""}]},"yoast_head":"<!-- This site is optimized with the Yoast SEO plugin v27.4 - https:\/\/yoast.com\/product\/yoast-seo-wordpress\/ -->\n<title>D\u00e9couvrez le programme automnal des \u00e9v\u00e8nements de DataGrandEst - DataGrandEst<\/title>\n<meta name=\"robots\" content=\"index, follow, max-snippet:-1, max-image-preview:large, max-video-preview:-1\" \/>\n<link rel=\"canonical\" href=\"https:\/\/www.datagrandest.fr\/site\/actualite\/decouvrez-le-programme-automnal-des-evenements-de-datagrandest\/\" \/>\n<meta property=\"og:locale\" content=\"fr_FR\" \/>\n<meta property=\"og:type\" content=\"article\" \/>\n<meta property=\"og:title\" content=\"D\u00e9couvrez le programme automnal des \u00e9v\u00e8nements de DataGrandEst - DataGrandEst\" \/>\n<meta property=\"og:url\" content=\"https:\/\/www.datagrandest.fr\/site\/actualite\/decouvrez-le-programme-automnal-des-evenements-de-datagrandest\/\" \/>\n<meta property=\"og:site_name\" content=\"DataGrandEst\" \/>\n<meta property=\"article:modified_time\" content=\"2025-11-25T09:43:50+00:00\" \/>\n<meta name=\"twitter:card\" content=\"summary_large_image\" \/>\n<meta name=\"twitter:label1\" content=\"Dur\u00e9e de lecture estim\u00e9e\" \/>\n\t<meta name=\"twitter:data1\" content=\"3 minutes\" \/>\n<script type=\"application\/ld+json\" class=\"yoast-schema-graph\">{\"@context\":\"https:\\\/\\\/schema.org\",\"@graph\":[{\"@type\":\"WebPage\",\"@id\":\"https:\\\/\\\/www.datagrandest.fr\\\/site\\\/actualite\\\/decouvrez-le-programme-automnal-des-evenements-de-datagrandest\\\/\",\"url\":\"https:\\\/\\\/www.datagrandest.fr\\\/site\\\/actualite\\\/decouvrez-le-programme-automnal-des-evenements-de-datagrandest\\\/\",\"name\":\"D\u00e9couvrez le programme automnal des \u00e9v\u00e8nements de DataGrandEst - DataGrandEst\",\"isPartOf\":{\"@id\":\"https:\\\/\\\/www.datagrandest.fr\\\/site\\\/#website\"},\"datePublished\":\"2022-07-25T10:24:16+00:00\",\"dateModified\":\"2025-11-25T09:43:50+00:00\",\"breadcrumb\":{\"@id\":\"https:\\\/\\\/www.datagrandest.fr\\\/site\\\/actualite\\\/decouvrez-le-programme-automnal-des-evenements-de-datagrandest\\\/#breadcrumb\"},\"inLanguage\":\"fr-FR\",\"potentialAction\":[{\"@type\":\"ReadAction\",\"target\":[\"https:\\\/\\\/www.datagrandest.fr\\\/site\\\/actualite\\\/decouvrez-le-programme-automnal-des-evenements-de-datagrandest\\\/\"]}]},{\"@type\":\"BreadcrumbList\",\"@id\":\"https:\\\/\\\/www.datagrandest.fr\\\/site\\\/actualite\\\/decouvrez-le-programme-automnal-des-evenements-de-datagrandest\\\/#breadcrumb\",\"itemListElement\":[{\"@type\":\"ListItem\",\"position\":1,\"name\":\"Accueil\",\"item\":\"https:\\\/\\\/www.datagrandest.fr\\\/site\\\/\"},{\"@type\":\"ListItem\",\"position\":2,\"name\":\"Actualit\u00e9s\",\"item\":\"https:\\\/\\\/www.datagrandest.fr\\\/site\\\/actualite\\\/\"},{\"@type\":\"ListItem\",\"position\":3,\"name\":\"D\u00e9couvrez le programme automnal des \u00e9v\u00e8nements de DataGrandEst\"}]},{\"@type\":\"WebSite\",\"@id\":\"https:\\\/\\\/www.datagrandest.fr\\\/site\\\/#website\",\"url\":\"https:\\\/\\\/www.datagrandest.fr\\\/site\\\/\",\"name\":\"DataGrandEst\",\"description\":\"\",\"potentialAction\":[{\"@type\":\"SearchAction\",\"target\":{\"@type\":\"EntryPoint\",\"urlTemplate\":\"https:\\\/\\\/www.datagrandest.fr\\\/site\\\/?s={search_term_string}\"},\"query-input\":{\"@type\":\"PropertyValueSpecification\",\"valueRequired\":true,\"valueName\":\"search_term_string\"}}],\"inLanguage\":\"fr-FR\"}]}<\/script>\n<!-- \/ Yoast SEO plugin. -->","yoast_head_json":{"title":"D\u00e9couvrez le programme automnal des \u00e9v\u00e8nements de DataGrandEst - DataGrandEst","robots":{"index":"index","follow":"follow","max-snippet":"max-snippet:-1","max-image-preview":"max-image-preview:large","max-video-preview":"max-video-preview:-1"},"canonical":"https:\/\/www.datagrandest.fr\/site\/actualite\/decouvrez-le-programme-automnal-des-evenements-de-datagrandest\/","og_locale":"fr_FR","og_type":"article","og_title":"D\u00e9couvrez le programme automnal des \u00e9v\u00e8nements de DataGrandEst - DataGrandEst","og_url":"https:\/\/www.datagrandest.fr\/site\/actualite\/decouvrez-le-programme-automnal-des-evenements-de-datagrandest\/","og_site_name":"DataGrandEst","article_modified_time":"2025-11-25T09:43:50+00:00","twitter_card":"summary_large_image","twitter_misc":{"Dur\u00e9e de lecture estim\u00e9e":"3 minutes"},"schema":{"@context":"https:\/\/schema.org","@graph":[{"@type":"WebPage","@id":"https:\/\/www.datagrandest.fr\/site\/actualite\/decouvrez-le-programme-automnal-des-evenements-de-datagrandest\/","url":"https:\/\/www.datagrandest.fr\/site\/actualite\/decouvrez-le-programme-automnal-des-evenements-de-datagrandest\/","name":"D\u00e9couvrez le programme automnal des \u00e9v\u00e8nements de DataGrandEst - DataGrandEst","isPartOf":{"@id":"https:\/\/www.datagrandest.fr\/site\/#website"},"datePublished":"2022-07-25T10:24:16+00:00","dateModified":"2025-11-25T09:43:50+00:00","breadcrumb":{"@id":"https:\/\/www.datagrandest.fr\/site\/actualite\/decouvrez-le-programme-automnal-des-evenements-de-datagrandest\/#breadcrumb"},"inLanguage":"fr-FR","potentialAction":[{"@type":"ReadAction","target":["https:\/\/www.datagrandest.fr\/site\/actualite\/decouvrez-le-programme-automnal-des-evenements-de-datagrandest\/"]}]},{"@type":"BreadcrumbList","@id":"https:\/\/www.datagrandest.fr\/site\/actualite\/decouvrez-le-programme-automnal-des-evenements-de-datagrandest\/#breadcrumb","itemListElement":[{"@type":"ListItem","position":1,"name":"Accueil","item":"https:\/\/www.datagrandest.fr\/site\/"},{"@type":"ListItem","position":2,"name":"Actualit\u00e9s","item":"https:\/\/www.datagrandest.fr\/site\/actualite\/"},{"@type":"ListItem","position":3,"name":"D\u00e9couvrez le programme automnal des \u00e9v\u00e8nements de DataGrandEst"}]},{"@type":"WebSite","@id":"https:\/\/www.datagrandest.fr\/site\/#website","url":"https:\/\/www.datagrandest.fr\/site\/","name":"DataGrandEst","description":"","potentialAction":[{"@type":"SearchAction","target":{"@type":"EntryPoint","urlTemplate":"https:\/\/www.datagrandest.fr\/site\/?s={search_term_string}"},"query-input":{"@type":"PropertyValueSpecification","valueRequired":true,"valueName":"search_term_string"}}],"inLanguage":"fr-FR"}]}},"_links":{"self":[{"href":"https:\/\/www.datagrandest.fr\/site\/wp-json\/wp\/v2\/actualite\/1084","targetHints":{"allow":["GET"]}}],"collection":[{"href":"https:\/\/www.datagrandest.fr\/site\/wp-json\/wp\/v2\/actualite"}],"about":[{"href":"https:\/\/www.datagrandest.fr\/site\/wp-json\/wp\/v2\/types\/actualite"}],"version-history":[{"count":2,"href":"https:\/\/www.datagrandest.fr\/site\/wp-json\/wp\/v2\/actualite\/1084\/revisions"}],"predecessor-version":[{"id":2606,"href":"https:\/\/www.datagrandest.fr\/site\/wp-json\/wp\/v2\/actualite\/1084\/revisions\/2606"}],"wp:attachment":[{"href":"https:\/\/www.datagrandest.fr\/site\/wp-json\/wp\/v2\/media?parent=1084"}],"wp:term":[{"taxonomy":"source","embeddable":true,"href":"https:\/\/www.datagrandest.fr\/site\/wp-json\/wp\/v2\/source?post=1084"},{"taxonomy":"thematique_globale","embeddable":true,"href":"https:\/\/www.datagrandest.fr\/site\/wp-json\/wp\/v2\/thematique_globale?post=1084"}],"curies":[{"name":"wp","href":"https:\/\/api.w.org\/{rel}","templated":true}]}}