{"id":1094,"date":"2022-05-11T10:31:31","date_gmt":"2022-05-11T08:31:31","guid":{"rendered":"https:\/\/dev.datagrandest.fr\/site\/actualite\/retour-sur-la-journee-danimation-portant-sur-les-donnees-socio-demo-economiques\/"},"modified":"2025-11-06T17:40:44","modified_gmt":"2025-11-06T16:40:44","slug":"retour-sur-la-journee-danimation-portant-sur-les-donnees-socio-demo-economiques","status":"publish","type":"actualite","link":"https:\/\/www.datagrandest.fr\/site\/actualite\/retour-sur-la-journee-danimation-portant-sur-les-donnees-socio-demo-economiques\/","title":{"rendered":"Retour sur la journ\u00e9e d&rsquo;animation portant sur les donn\u00e9es socio-d\u00e9mo-\u00e9conomiques"},"template":"","meta":{"_acf_changed":false,"_relevanssi_hide_post":"","_relevanssi_hide_content":"","_relevanssi_pin_for_all":"","_relevanssi_pin_keywords":"","_relevanssi_unpin_keywords":"","_relevanssi_related_keywords":"","_relevanssi_related_include_ids":"","_relevanssi_related_exclude_ids":"","_relevanssi_related_no_append":"","_relevanssi_related_not_related":"","_relevanssi_related_posts":"","_relevanssi_noindex_reason":""},"source":[],"thematique_globale":[75],"class_list":["post-1094","actualite","type-actualite","status-publish","hentry","thematique_globale-journee-danimation"],"acf":{"glo_image":1095,"glo_intro":"","glo_car_surcharge_titre":"","glo_car_surcharge_lien":"","cms_contenus_flexibles":[{"acf_fc_layout":"flex_texte_libre","show_title":false,"titre_de_section":"","contenu":"\n<p>\n\tLundi 09 mai, plus de 80 personnes se sont r&eacute;unies &agrave; Metz pour assister &agrave; la 2e journ&eacute;e d&rsquo;animation de 2022 d&eacute;di&eacute;e aux donn&eacute;es socio-d&eacute;mo-&eacute;conomiques.\n<\/p>\n\n<p>\n\tCette journ&eacute;e a r&eacute;pondu &agrave; plusieurs objectifs :\n<\/p>\n\n<ul>\n\t<li>\n\t\t&Eacute;tendre le r&eacute;seau DataGrandEst &agrave; de nouveaux acteurs de la donn&eacute;e\n\t<\/li>\n\t<li>\n\t\tExplorer des th&eacute;matiques peu abord&eacute;es jusqu&rsquo;ici par la plateforme r&eacute;gionale\n\t<\/li>\n\t<li>\n\t\tFaire circuler les donn&eacute;es, les savoirs, les bonnes pratiques pour am&eacute;liorer les services rendus aux populations\n\t<\/li>\n<\/ul>\n\n<p>\n\tRetrouvez tout le contenu de cette journ&eacute;e sur <a href=\"\/site\/fr\/ressources\/donnees-socio-demo-economiques-lappui-politiques-publiques\">la page de l'&eacute;v&eacute;nement<\/a>.\n<\/p>\n\n<p>\n\t&nbsp;\n<\/p>\n\n<h3>\n\tLes donn&eacute;es socio-d&eacute;mo-&eacute;conomiques &agrave; l'appui des politiques publiques\n<\/h3>\n\n<p>\n\tCes donn&eacute;es de r&eacute;f&eacute;rence sont indispensables &agrave; tous les niveaux de politiques publiques pour mieux connaitre les probl&eacute;matiques sur nos espaces &agrave; enjeux.\n<\/p>\n\n<p>\n\tToutefois, certaines difficult&eacute;s r&eacute;currentes doivent &ecirc;tre surmont&eacute;es telles que la connaissance de l&rsquo;offre, la facilit&eacute; d&rsquo;acc&egrave;s, ou encore les pr&eacute;cautions d&rsquo;usage de donn&eacute;es statistiques&hellip;\n<\/p>\n\n<ul>\n<\/ul>\n\n<p>\n\tDataGrandEst se fixe pour objectif de :\n<\/p>\n\n<ul>\n\t<li>\n\t\tfaciliter l&rsquo;acc&egrave;s &agrave; ces donn&eacute;es nationales d&rsquo;int&eacute;r&ecirc;t local,\n\t<\/li>\n\t<li>\n\t\tet d&rsquo;enrichir la plateforme avec ces donn&eacute;es.\n\t<\/li>\n<\/ul>\n\n<p>\n\t&nbsp;\n<\/p>\n\n<h3>\n\tUn groupe de travail pour d&eacute;velopper les donn&eacute;es socio-d&eacute;mo-&eacute;conomiques\n<\/h3>\n\n<p>\n\tUn groupe de travail d&eacute;di&eacute; a &eacute;t&eacute; mis en place et se r&eacute;unira le 21 juin &agrave; 10h en visio pour valider le mandat et la feuille de route.\n<\/p>\n\n<p>\n\tCe groupe de travail concorde avec l'une des <a href=\"\/site\/fr\/partenariat\">4 missions<\/a> que s'est donn&eacute;e DataGrandEst : soit la mission \"Produire\".&nbsp;\n<\/p>\n\n<p>\n\tSi les donn&eacute;es socio-d&eacute;mo-&eacute;conomiques vous int&eacute;resse, rejoignez ce groupe de travail et collaborez au niveau r&eacute;gional !\n<\/p>\n\n<p>\n\t&nbsp;\n<\/p>\n\n<p>\n\t&nbsp;\n<\/p>\n\n<p class=\"rtecenter\">\n\t<a class=\"btn btn-primary btn-lg\" href=\"\/site\/fr\/form\/contactez-nous\" role=\"button\" style=\"heigh:200px\"><b>REJOINDRE LE GROUPE DE TRAVAIL<\/b><\/a> &nbsp;\n<\/p>\n\n<p>\n\t&nbsp;\n<\/p>\n\n","couleur_de_fond":false,"taille_de_la_zone":false,"position_texte":"center","image_de_fond":""}]},"yoast_head":"<!-- This site is optimized with the Yoast SEO plugin v27.4 - https:\/\/yoast.com\/product\/yoast-seo-wordpress\/ -->\n<title>Retour sur la journ\u00e9e d&#039;animation portant sur les donn\u00e9es socio-d\u00e9mo-\u00e9conomiques - DataGrandEst<\/title>\n<meta name=\"robots\" content=\"index, follow, max-snippet:-1, max-image-preview:large, max-video-preview:-1\" \/>\n<link rel=\"canonical\" href=\"https:\/\/www.datagrandest.fr\/site\/actualite\/retour-sur-la-journee-danimation-portant-sur-les-donnees-socio-demo-economiques\/\" \/>\n<meta property=\"og:locale\" content=\"fr_FR\" \/>\n<meta property=\"og:type\" content=\"article\" \/>\n<meta property=\"og:title\" content=\"Retour sur la journ\u00e9e d&#039;animation portant sur les donn\u00e9es socio-d\u00e9mo-\u00e9conomiques - DataGrandEst\" \/>\n<meta property=\"og:url\" content=\"https:\/\/www.datagrandest.fr\/site\/actualite\/retour-sur-la-journee-danimation-portant-sur-les-donnees-socio-demo-economiques\/\" \/>\n<meta property=\"og:site_name\" content=\"DataGrandEst\" \/>\n<meta property=\"article:modified_time\" content=\"2025-11-06T16:40:44+00:00\" \/>\n<meta name=\"twitter:card\" content=\"summary_large_image\" \/>\n<script type=\"application\/ld+json\" class=\"yoast-schema-graph\">{\"@context\":\"https:\\\/\\\/schema.org\",\"@graph\":[{\"@type\":\"WebPage\",\"@id\":\"https:\\\/\\\/www.datagrandest.fr\\\/site\\\/actualite\\\/retour-sur-la-journee-danimation-portant-sur-les-donnees-socio-demo-economiques\\\/\",\"url\":\"https:\\\/\\\/www.datagrandest.fr\\\/site\\\/actualite\\\/retour-sur-la-journee-danimation-portant-sur-les-donnees-socio-demo-economiques\\\/\",\"name\":\"Retour sur la journ\u00e9e d'animation portant sur les donn\u00e9es socio-d\u00e9mo-\u00e9conomiques - DataGrandEst\",\"isPartOf\":{\"@id\":\"https:\\\/\\\/www.datagrandest.fr\\\/site\\\/#website\"},\"datePublished\":\"2022-05-11T08:31:31+00:00\",\"dateModified\":\"2025-11-06T16:40:44+00:00\",\"breadcrumb\":{\"@id\":\"https:\\\/\\\/www.datagrandest.fr\\\/site\\\/actualite\\\/retour-sur-la-journee-danimation-portant-sur-les-donnees-socio-demo-economiques\\\/#breadcrumb\"},\"inLanguage\":\"fr-FR\",\"potentialAction\":[{\"@type\":\"ReadAction\",\"target\":[\"https:\\\/\\\/www.datagrandest.fr\\\/site\\\/actualite\\\/retour-sur-la-journee-danimation-portant-sur-les-donnees-socio-demo-economiques\\\/\"]}]},{\"@type\":\"BreadcrumbList\",\"@id\":\"https:\\\/\\\/www.datagrandest.fr\\\/site\\\/actualite\\\/retour-sur-la-journee-danimation-portant-sur-les-donnees-socio-demo-economiques\\\/#breadcrumb\",\"itemListElement\":[{\"@type\":\"ListItem\",\"position\":1,\"name\":\"Accueil\",\"item\":\"https:\\\/\\\/www.datagrandest.fr\\\/site\\\/\"},{\"@type\":\"ListItem\",\"position\":2,\"name\":\"Actualit\u00e9s\",\"item\":\"https:\\\/\\\/www.datagrandest.fr\\\/site\\\/actualite\\\/\"},{\"@type\":\"ListItem\",\"position\":3,\"name\":\"Retour sur la journ\u00e9e d&rsquo;animation portant sur les donn\u00e9es socio-d\u00e9mo-\u00e9conomiques\"}]},{\"@type\":\"WebSite\",\"@id\":\"https:\\\/\\\/www.datagrandest.fr\\\/site\\\/#website\",\"url\":\"https:\\\/\\\/www.datagrandest.fr\\\/site\\\/\",\"name\":\"DataGrandEst\",\"description\":\"\",\"potentialAction\":[{\"@type\":\"SearchAction\",\"target\":{\"@type\":\"EntryPoint\",\"urlTemplate\":\"https:\\\/\\\/www.datagrandest.fr\\\/site\\\/?s={search_term_string}\"},\"query-input\":{\"@type\":\"PropertyValueSpecification\",\"valueRequired\":true,\"valueName\":\"search_term_string\"}}],\"inLanguage\":\"fr-FR\"}]}<\/script>\n<!-- \/ Yoast SEO plugin. -->","yoast_head_json":{"title":"Retour sur la journ\u00e9e d'animation portant sur les donn\u00e9es socio-d\u00e9mo-\u00e9conomiques - DataGrandEst","robots":{"index":"index","follow":"follow","max-snippet":"max-snippet:-1","max-image-preview":"max-image-preview:large","max-video-preview":"max-video-preview:-1"},"canonical":"https:\/\/www.datagrandest.fr\/site\/actualite\/retour-sur-la-journee-danimation-portant-sur-les-donnees-socio-demo-economiques\/","og_locale":"fr_FR","og_type":"article","og_title":"Retour sur la journ\u00e9e d'animation portant sur les donn\u00e9es socio-d\u00e9mo-\u00e9conomiques - DataGrandEst","og_url":"https:\/\/www.datagrandest.fr\/site\/actualite\/retour-sur-la-journee-danimation-portant-sur-les-donnees-socio-demo-economiques\/","og_site_name":"DataGrandEst","article_modified_time":"2025-11-06T16:40:44+00:00","twitter_card":"summary_large_image","schema":{"@context":"https:\/\/schema.org","@graph":[{"@type":"WebPage","@id":"https:\/\/www.datagrandest.fr\/site\/actualite\/retour-sur-la-journee-danimation-portant-sur-les-donnees-socio-demo-economiques\/","url":"https:\/\/www.datagrandest.fr\/site\/actualite\/retour-sur-la-journee-danimation-portant-sur-les-donnees-socio-demo-economiques\/","name":"Retour sur la journ\u00e9e d'animation portant sur les donn\u00e9es socio-d\u00e9mo-\u00e9conomiques - DataGrandEst","isPartOf":{"@id":"https:\/\/www.datagrandest.fr\/site\/#website"},"datePublished":"2022-05-11T08:31:31+00:00","dateModified":"2025-11-06T16:40:44+00:00","breadcrumb":{"@id":"https:\/\/www.datagrandest.fr\/site\/actualite\/retour-sur-la-journee-danimation-portant-sur-les-donnees-socio-demo-economiques\/#breadcrumb"},"inLanguage":"fr-FR","potentialAction":[{"@type":"ReadAction","target":["https:\/\/www.datagrandest.fr\/site\/actualite\/retour-sur-la-journee-danimation-portant-sur-les-donnees-socio-demo-economiques\/"]}]},{"@type":"BreadcrumbList","@id":"https:\/\/www.datagrandest.fr\/site\/actualite\/retour-sur-la-journee-danimation-portant-sur-les-donnees-socio-demo-economiques\/#breadcrumb","itemListElement":[{"@type":"ListItem","position":1,"name":"Accueil","item":"https:\/\/www.datagrandest.fr\/site\/"},{"@type":"ListItem","position":2,"name":"Actualit\u00e9s","item":"https:\/\/www.datagrandest.fr\/site\/actualite\/"},{"@type":"ListItem","position":3,"name":"Retour sur la journ\u00e9e d&rsquo;animation portant sur les donn\u00e9es socio-d\u00e9mo-\u00e9conomiques"}]},{"@type":"WebSite","@id":"https:\/\/www.datagrandest.fr\/site\/#website","url":"https:\/\/www.datagrandest.fr\/site\/","name":"DataGrandEst","description":"","potentialAction":[{"@type":"SearchAction","target":{"@type":"EntryPoint","urlTemplate":"https:\/\/www.datagrandest.fr\/site\/?s={search_term_string}"},"query-input":{"@type":"PropertyValueSpecification","valueRequired":true,"valueName":"search_term_string"}}],"inLanguage":"fr-FR"}]}},"_links":{"self":[{"href":"https:\/\/www.datagrandest.fr\/site\/wp-json\/wp\/v2\/actualite\/1094","targetHints":{"allow":["GET"]}}],"collection":[{"href":"https:\/\/www.datagrandest.fr\/site\/wp-json\/wp\/v2\/actualite"}],"about":[{"href":"https:\/\/www.datagrandest.fr\/site\/wp-json\/wp\/v2\/types\/actualite"}],"version-history":[{"count":1,"href":"https:\/\/www.datagrandest.fr\/site\/wp-json\/wp\/v2\/actualite\/1094\/revisions"}],"predecessor-version":[{"id":1096,"href":"https:\/\/www.datagrandest.fr\/site\/wp-json\/wp\/v2\/actualite\/1094\/revisions\/1096"}],"wp:attachment":[{"href":"https:\/\/www.datagrandest.fr\/site\/wp-json\/wp\/v2\/media?parent=1094"}],"wp:term":[{"taxonomy":"source","embeddable":true,"href":"https:\/\/www.datagrandest.fr\/site\/wp-json\/wp\/v2\/source?post=1094"},{"taxonomy":"thematique_globale","embeddable":true,"href":"https:\/\/www.datagrandest.fr\/site\/wp-json\/wp\/v2\/thematique_globale?post=1094"}],"curies":[{"name":"wp","href":"https:\/\/api.w.org\/{rel}","templated":true}]}}