{"id":1108,"date":"2022-03-24T12:00:22","date_gmt":"2022-03-24T11:00:22","guid":{"rendered":"https:\/\/dev.datagrandest.fr\/site\/actualite\/conference-sur-les-geodonnees-paneuropeennes\/"},"modified":"2025-11-06T17:40:49","modified_gmt":"2025-11-06T16:40:49","slug":"conference-sur-les-geodonnees-paneuropeennes","status":"publish","type":"actualite","link":"https:\/\/www.datagrandest.fr\/site\/actualite\/conference-sur-les-geodonnees-paneuropeennes\/","title":{"rendered":"Conf\u00e9rence sur les g\u00e9odonn\u00e9es paneurop\u00e9ennes"},"template":"","meta":{"_acf_changed":false,"_relevanssi_hide_post":"","_relevanssi_hide_content":"","_relevanssi_pin_for_all":"","_relevanssi_pin_keywords":"","_relevanssi_unpin_keywords":"","_relevanssi_related_keywords":"","_relevanssi_related_include_ids":"","_relevanssi_related_exclude_ids":"","_relevanssi_related_no_append":"","_relevanssi_related_not_related":"","_relevanssi_related_posts":"","_relevanssi_noindex_reason":""},"source":[],"thematique_globale":[],"class_list":["post-1108","actualite","type-actualite","status-publish","hentry"],"acf":{"glo_image":"","glo_intro":"","glo_car_surcharge_titre":"","glo_car_surcharge_lien":"","cms_contenus_flexibles":[{"acf_fc_layout":"flex_texte_libre","show_title":false,"titre_de_section":"","contenu":"\n<p>\n\t&nbsp;\n<\/p>\n\n<p>\n\tA l&rsquo;heure o&ugrave; la France pr&eacute;side le conseil de l&lsquo;Union Europ&eacute;enne, l&rsquo;IGN en profite pour rebondir sur l&rsquo;opportunit&eacute; de cr&eacute;er un cadre unifi&eacute; sur les donn&eacute;es g&eacute;ographiques.&nbsp;\n<\/p>\n\n<p>\n\t<br>\n\tAinsi, le 29 mars (de 14h30 &agrave; 16h30), deux conf&eacute;rences seront propos&eacute;es par L&rsquo;institut pour discuter des perspectives et des enjeux d&rsquo;une harmonisation des donn&eacute;es g&eacute;ographiques &agrave; l&rsquo;&eacute;chelle de l&rsquo;Europe.&nbsp;\n<\/p>\n\n<p>\n\t&nbsp;\n<\/p>\n\n<ul>\n\t<li>\n\t\t<strong>G&eacute;odonn&eacute;es paneurop&eacute;ennes : quels besoins ? quelles ambitions ? quelles applications dans le cadre du Pacte Vert ?<\/strong>\n\t<\/li>\n<\/ul>\n\n<p>\n\tIntervenants : Daniele Rizzi (Commission europ&eacute;enne - DG Connect), Julien Gaffuri (Commission europ&eacute;enne - Eurostat), L&eacute;a Bodossian (EuroGeographics), Emmanuel Blanchet (Deepki)\n<\/p>\n\n<p>\n\t&nbsp;\n<\/p>\n\n<ul>\n\t<li>\n\t\t<strong>Coop&eacute;ration et ouverture, des opportunit&eacute;s pour des g&eacute;odonn&eacute;es paneurop&eacute;ennes au service des d&eacute;fis contemporains<\/strong>\n\t<\/li>\n<\/ul>\n\n<p>\n\tIntervenants : Nathalie Delattre (IGN Belgique), No&eacute;mie Gr&eacute;meaux (IGN France), Christian Quest (OpenStreetMap France)\n<\/p>\n\n<p>\n\t&nbsp;\n<\/p>\n\n<p>\n\tNe manquez pas ce RDV :&nbsp;\n<\/p>\n\n<p>\n\t&nbsp;\n<\/p>\n\n<p>\n\t&nbsp;\n<\/p>\n\n<p class=\"rtecenter\">\n\t<a class=\"btn btn-primary btn-lg\" href=\"https:\/\/www.ign.fr\/institut\/inscription-la-conference-vers-des-geodonnees-paneuropeennes\" role=\"button\" style=\"heigh:200px\"><b>M&rsquo;INSCRIRE MAINTENANT<\/b><\/a> &nbsp;\n<\/p>\n\n","couleur_de_fond":false,"taille_de_la_zone":false,"position_texte":"center","image_de_fond":""}]},"yoast_head":"<!-- This site is optimized with the Yoast SEO plugin v27.4 - https:\/\/yoast.com\/product\/yoast-seo-wordpress\/ -->\n<title>Conf\u00e9rence sur les g\u00e9odonn\u00e9es paneurop\u00e9ennes - DataGrandEst<\/title>\n<meta name=\"robots\" content=\"index, follow, max-snippet:-1, max-image-preview:large, max-video-preview:-1\" \/>\n<link rel=\"canonical\" href=\"https:\/\/www.datagrandest.fr\/site\/actualite\/conference-sur-les-geodonnees-paneuropeennes\/\" \/>\n<meta property=\"og:locale\" content=\"fr_FR\" \/>\n<meta property=\"og:type\" content=\"article\" \/>\n<meta property=\"og:title\" content=\"Conf\u00e9rence sur les g\u00e9odonn\u00e9es paneurop\u00e9ennes - DataGrandEst\" \/>\n<meta property=\"og:url\" content=\"https:\/\/www.datagrandest.fr\/site\/actualite\/conference-sur-les-geodonnees-paneuropeennes\/\" \/>\n<meta property=\"og:site_name\" content=\"DataGrandEst\" \/>\n<meta property=\"article:modified_time\" content=\"2025-11-06T16:40:49+00:00\" \/>\n<meta name=\"twitter:card\" content=\"summary_large_image\" \/>\n<script type=\"application\/ld+json\" class=\"yoast-schema-graph\">{\"@context\":\"https:\\\/\\\/schema.org\",\"@graph\":[{\"@type\":\"WebPage\",\"@id\":\"https:\\\/\\\/www.datagrandest.fr\\\/site\\\/actualite\\\/conference-sur-les-geodonnees-paneuropeennes\\\/\",\"url\":\"https:\\\/\\\/www.datagrandest.fr\\\/site\\\/actualite\\\/conference-sur-les-geodonnees-paneuropeennes\\\/\",\"name\":\"Conf\u00e9rence sur les g\u00e9odonn\u00e9es paneurop\u00e9ennes - DataGrandEst\",\"isPartOf\":{\"@id\":\"https:\\\/\\\/www.datagrandest.fr\\\/site\\\/#website\"},\"datePublished\":\"2022-03-24T11:00:22+00:00\",\"dateModified\":\"2025-11-06T16:40:49+00:00\",\"breadcrumb\":{\"@id\":\"https:\\\/\\\/www.datagrandest.fr\\\/site\\\/actualite\\\/conference-sur-les-geodonnees-paneuropeennes\\\/#breadcrumb\"},\"inLanguage\":\"fr-FR\",\"potentialAction\":[{\"@type\":\"ReadAction\",\"target\":[\"https:\\\/\\\/www.datagrandest.fr\\\/site\\\/actualite\\\/conference-sur-les-geodonnees-paneuropeennes\\\/\"]}]},{\"@type\":\"BreadcrumbList\",\"@id\":\"https:\\\/\\\/www.datagrandest.fr\\\/site\\\/actualite\\\/conference-sur-les-geodonnees-paneuropeennes\\\/#breadcrumb\",\"itemListElement\":[{\"@type\":\"ListItem\",\"position\":1,\"name\":\"Accueil\",\"item\":\"https:\\\/\\\/www.datagrandest.fr\\\/site\\\/\"},{\"@type\":\"ListItem\",\"position\":2,\"name\":\"Actualit\u00e9s\",\"item\":\"https:\\\/\\\/www.datagrandest.fr\\\/site\\\/actualite\\\/\"},{\"@type\":\"ListItem\",\"position\":3,\"name\":\"Conf\u00e9rence sur les g\u00e9odonn\u00e9es paneurop\u00e9ennes\"}]},{\"@type\":\"WebSite\",\"@id\":\"https:\\\/\\\/www.datagrandest.fr\\\/site\\\/#website\",\"url\":\"https:\\\/\\\/www.datagrandest.fr\\\/site\\\/\",\"name\":\"DataGrandEst\",\"description\":\"\",\"potentialAction\":[{\"@type\":\"SearchAction\",\"target\":{\"@type\":\"EntryPoint\",\"urlTemplate\":\"https:\\\/\\\/www.datagrandest.fr\\\/site\\\/?s={search_term_string}\"},\"query-input\":{\"@type\":\"PropertyValueSpecification\",\"valueRequired\":true,\"valueName\":\"search_term_string\"}}],\"inLanguage\":\"fr-FR\"}]}<\/script>\n<!-- \/ Yoast SEO plugin. -->","yoast_head_json":{"title":"Conf\u00e9rence sur les g\u00e9odonn\u00e9es paneurop\u00e9ennes - DataGrandEst","robots":{"index":"index","follow":"follow","max-snippet":"max-snippet:-1","max-image-preview":"max-image-preview:large","max-video-preview":"max-video-preview:-1"},"canonical":"https:\/\/www.datagrandest.fr\/site\/actualite\/conference-sur-les-geodonnees-paneuropeennes\/","og_locale":"fr_FR","og_type":"article","og_title":"Conf\u00e9rence sur les g\u00e9odonn\u00e9es paneurop\u00e9ennes - DataGrandEst","og_url":"https:\/\/www.datagrandest.fr\/site\/actualite\/conference-sur-les-geodonnees-paneuropeennes\/","og_site_name":"DataGrandEst","article_modified_time":"2025-11-06T16:40:49+00:00","twitter_card":"summary_large_image","schema":{"@context":"https:\/\/schema.org","@graph":[{"@type":"WebPage","@id":"https:\/\/www.datagrandest.fr\/site\/actualite\/conference-sur-les-geodonnees-paneuropeennes\/","url":"https:\/\/www.datagrandest.fr\/site\/actualite\/conference-sur-les-geodonnees-paneuropeennes\/","name":"Conf\u00e9rence sur les g\u00e9odonn\u00e9es paneurop\u00e9ennes - DataGrandEst","isPartOf":{"@id":"https:\/\/www.datagrandest.fr\/site\/#website"},"datePublished":"2022-03-24T11:00:22+00:00","dateModified":"2025-11-06T16:40:49+00:00","breadcrumb":{"@id":"https:\/\/www.datagrandest.fr\/site\/actualite\/conference-sur-les-geodonnees-paneuropeennes\/#breadcrumb"},"inLanguage":"fr-FR","potentialAction":[{"@type":"ReadAction","target":["https:\/\/www.datagrandest.fr\/site\/actualite\/conference-sur-les-geodonnees-paneuropeennes\/"]}]},{"@type":"BreadcrumbList","@id":"https:\/\/www.datagrandest.fr\/site\/actualite\/conference-sur-les-geodonnees-paneuropeennes\/#breadcrumb","itemListElement":[{"@type":"ListItem","position":1,"name":"Accueil","item":"https:\/\/www.datagrandest.fr\/site\/"},{"@type":"ListItem","position":2,"name":"Actualit\u00e9s","item":"https:\/\/www.datagrandest.fr\/site\/actualite\/"},{"@type":"ListItem","position":3,"name":"Conf\u00e9rence sur les g\u00e9odonn\u00e9es paneurop\u00e9ennes"}]},{"@type":"WebSite","@id":"https:\/\/www.datagrandest.fr\/site\/#website","url":"https:\/\/www.datagrandest.fr\/site\/","name":"DataGrandEst","description":"","potentialAction":[{"@type":"SearchAction","target":{"@type":"EntryPoint","urlTemplate":"https:\/\/www.datagrandest.fr\/site\/?s={search_term_string}"},"query-input":{"@type":"PropertyValueSpecification","valueRequired":true,"valueName":"search_term_string"}}],"inLanguage":"fr-FR"}]}},"_links":{"self":[{"href":"https:\/\/www.datagrandest.fr\/site\/wp-json\/wp\/v2\/actualite\/1108","targetHints":{"allow":["GET"]}}],"collection":[{"href":"https:\/\/www.datagrandest.fr\/site\/wp-json\/wp\/v2\/actualite"}],"about":[{"href":"https:\/\/www.datagrandest.fr\/site\/wp-json\/wp\/v2\/types\/actualite"}],"version-history":[{"count":1,"href":"https:\/\/www.datagrandest.fr\/site\/wp-json\/wp\/v2\/actualite\/1108\/revisions"}],"predecessor-version":[{"id":1109,"href":"https:\/\/www.datagrandest.fr\/site\/wp-json\/wp\/v2\/actualite\/1108\/revisions\/1109"}],"wp:attachment":[{"href":"https:\/\/www.datagrandest.fr\/site\/wp-json\/wp\/v2\/media?parent=1108"}],"wp:term":[{"taxonomy":"source","embeddable":true,"href":"https:\/\/www.datagrandest.fr\/site\/wp-json\/wp\/v2\/source?post=1108"},{"taxonomy":"thematique_globale","embeddable":true,"href":"https:\/\/www.datagrandest.fr\/site\/wp-json\/wp\/v2\/thematique_globale?post=1108"}],"curies":[{"name":"wp","href":"https:\/\/api.w.org\/{rel}","templated":true}]}}