{"id":1135,"date":"2022-01-06T01:35:09","date_gmt":"2022-01-06T00:35:09","guid":{"rendered":"https:\/\/dev.datagrandest.fr\/site\/actualite\/une-emission-de-radio-consacree-a-lusage-des-donnees-et-son-interet-dans-laction-publique\/"},"modified":"2025-11-06T17:40:52","modified_gmt":"2025-11-06T16:40:52","slug":"une-emission-de-radio-consacree-a-lusage-des-donnees-et-son-interet-dans-laction-publique","status":"publish","type":"actualite","link":"https:\/\/www.datagrandest.fr\/site\/actualite\/une-emission-de-radio-consacree-a-lusage-des-donnees-et-son-interet-dans-laction-publique\/","title":{"rendered":"Une \u00e9mission de radio consacr\u00e9e \u00e0 l&rsquo;usage des donn\u00e9es et son int\u00e9r\u00eat dans l&rsquo;action publique"},"template":"","meta":{"_acf_changed":false,"_relevanssi_hide_post":"","_relevanssi_hide_content":"","_relevanssi_pin_for_all":"","_relevanssi_pin_keywords":"","_relevanssi_unpin_keywords":"","_relevanssi_related_keywords":"","_relevanssi_related_include_ids":"","_relevanssi_related_exclude_ids":"","_relevanssi_related_no_append":"","_relevanssi_related_not_related":"","_relevanssi_related_posts":"","_relevanssi_noindex_reason":""},"source":[],"thematique_globale":[],"class_list":["post-1135","actualite","type-actualite","status-publish","hentry"],"acf":{"glo_image":1136,"glo_intro":"","glo_car_surcharge_titre":"","glo_car_surcharge_lien":"","cms_contenus_flexibles":[{"acf_fc_layout":"flex_texte_libre","show_title":false,"titre_de_section":"","contenu":"\n<p>\n\t&nbsp;\n<\/p>\n\n<p>\n\t&Eacute;coutez l&rsquo;intervention de Nicolas Pernot, Directeur des Services de la R&eacute;gion Grand Est et Jacques Priol, Pr&eacute;sident du cabinet CIVITEO, &agrave; l&rsquo;occasion des Entretiens Territoriaux de Strasbourg &laquo; Les ETS &raquo; le 1er d&eacute;cembre dernier.\n<\/p>\n\n<p>On se rend compte chaque jour que les donn&eacute;es sont d&rsquo;une importance majeure dans le pilotage des politiques publiques et aident &agrave; mieux servir les citoyens. <\/p>\n\n<p>\n\tNicolas Pernot et Jacques Priol se sont exprim&eacute;s sur les perspectives de la donn&eacute;e au service de l&rsquo;int&eacute;r&ecirc;t g&eacute;n&eacute;ral et sur la mani&egrave;re dont les territoires peuvent s'en emparer pour relever les d&eacute;fis d&eacute;mocratiques actuels.\n<\/p>\n\n<p>\n\tUn &eacute;change tr&egrave;s int&eacute;ressant et instructif dans lequel est &eacute;galement &eacute;voqu&eacute; <a href=\"\/site\/fr\/actualites\/beau-succes-pour-premieres-rencontres-regionales-donnee-en-grand-est\">le lancement de DataGrandEst<\/a> (35:10), ses usages et ses possibilit&eacute;s en termes d&rsquo;action publique.\n<\/p>\n\n<p>\n\t&nbsp;\n<\/p>\n\n<p>\n\tUne &eacute;mission &agrave; &eacute;couter sur Fr&eacute;quence T :&nbsp;\n<\/p>\n\n<p>\n\t&nbsp;\n<\/p>\n\n<div class=\"row\">\n\t<div class=\"col-sm-6 col-md-6\">\n\t\t<div class=\"thumbnail\">\n\t\t\t<p class=\"rtecenter\">\n\t\t\t\t<a href=\"https:\/\/radio.cnfpt.fr\/broadcast\/2167-La-donn%C3%A9e-au-service-de-l-int%C3%A9r%C3%AAt-g%C3%A9n%C3%A9ral\" target=\"_blank\"><img src=\"\/site\/portail\/sites\/default\/files\/%09cercles_radio.png\" width=\"200\"><\/a>\n\t\t\t<\/p>\n\n\t\t\t<div class=\"caption\">\n\t\t\t\t<p class=\"rtecenter\">\n\t\t\t\t\t<a href=\"https:\/\/radio.cnfpt.fr\/broadcast\/2167-La-donn%C3%A9e-au-service-de-l-int%C3%A9r%C3%AAt-g%C3%A9n%C3%A9ral\" target=\"_blank\">&Eacute;couter maintenant<\/a>\n\t\t\t\t<\/p>\n\t\t\t<\/div>\n\t\t<\/div>\n\t<\/div>\n<\/div>\n\n<p>\n\t&nbsp;\n<\/p>\n\n<p>\n\t&nbsp;\n<\/p>\n\n<p>\n\t&nbsp;\n<\/p>\n\n<p>\n\t&nbsp;\n<\/p>\n\n<p>\n\t&nbsp;\n<\/p>\n\n<p>\n\t&nbsp;\n<\/p>\n\n<p>\n\tSource pictogramme : <a data-filter=\"format=author&amp;author=mynamepong\" href=\"https:\/\/www.flaticon.com\/authors\/mynamepong\">mynamepong<\/a>&nbsp;sur&nbsp;<a href=\"http:\/\/&lt;div&gt;Icons%20made%20by%20&lt;a%20href=\" https: title=\"mynamepong\">mynamepong<\/a> from <a href=\"https:\/\/www.flaticon.com\/\" title=\"Flaticon\">www.flaticon.com<\/a>\"&gt;Flaticon\n<\/p>\n\n","couleur_de_fond":false,"taille_de_la_zone":false,"position_texte":"center","image_de_fond":""}]},"yoast_head":"<!-- This site is optimized with the Yoast SEO plugin v27.4 - https:\/\/yoast.com\/product\/yoast-seo-wordpress\/ -->\n<title>Une \u00e9mission de radio consacr\u00e9e \u00e0 l&#039;usage des donn\u00e9es et son int\u00e9r\u00eat dans l&#039;action publique - DataGrandEst<\/title>\n<meta name=\"robots\" content=\"index, follow, max-snippet:-1, max-image-preview:large, max-video-preview:-1\" \/>\n<link rel=\"canonical\" href=\"https:\/\/www.datagrandest.fr\/site\/actualite\/une-emission-de-radio-consacree-a-lusage-des-donnees-et-son-interet-dans-laction-publique\/\" \/>\n<meta property=\"og:locale\" content=\"fr_FR\" \/>\n<meta property=\"og:type\" content=\"article\" \/>\n<meta property=\"og:title\" content=\"Une \u00e9mission de radio consacr\u00e9e \u00e0 l&#039;usage des donn\u00e9es et son int\u00e9r\u00eat dans l&#039;action publique - DataGrandEst\" \/>\n<meta property=\"og:url\" content=\"https:\/\/www.datagrandest.fr\/site\/actualite\/une-emission-de-radio-consacree-a-lusage-des-donnees-et-son-interet-dans-laction-publique\/\" \/>\n<meta property=\"og:site_name\" content=\"DataGrandEst\" \/>\n<meta property=\"article:modified_time\" content=\"2025-11-06T16:40:52+00:00\" \/>\n<meta name=\"twitter:card\" content=\"summary_large_image\" \/>\n<script type=\"application\/ld+json\" class=\"yoast-schema-graph\">{\"@context\":\"https:\\\/\\\/schema.org\",\"@graph\":[{\"@type\":\"WebPage\",\"@id\":\"https:\\\/\\\/www.datagrandest.fr\\\/site\\\/actualite\\\/une-emission-de-radio-consacree-a-lusage-des-donnees-et-son-interet-dans-laction-publique\\\/\",\"url\":\"https:\\\/\\\/www.datagrandest.fr\\\/site\\\/actualite\\\/une-emission-de-radio-consacree-a-lusage-des-donnees-et-son-interet-dans-laction-publique\\\/\",\"name\":\"Une \u00e9mission de radio consacr\u00e9e \u00e0 l'usage des donn\u00e9es et son int\u00e9r\u00eat dans l'action publique - DataGrandEst\",\"isPartOf\":{\"@id\":\"https:\\\/\\\/www.datagrandest.fr\\\/site\\\/#website\"},\"datePublished\":\"2022-01-06T00:35:09+00:00\",\"dateModified\":\"2025-11-06T16:40:52+00:00\",\"breadcrumb\":{\"@id\":\"https:\\\/\\\/www.datagrandest.fr\\\/site\\\/actualite\\\/une-emission-de-radio-consacree-a-lusage-des-donnees-et-son-interet-dans-laction-publique\\\/#breadcrumb\"},\"inLanguage\":\"fr-FR\",\"potentialAction\":[{\"@type\":\"ReadAction\",\"target\":[\"https:\\\/\\\/www.datagrandest.fr\\\/site\\\/actualite\\\/une-emission-de-radio-consacree-a-lusage-des-donnees-et-son-interet-dans-laction-publique\\\/\"]}]},{\"@type\":\"BreadcrumbList\",\"@id\":\"https:\\\/\\\/www.datagrandest.fr\\\/site\\\/actualite\\\/une-emission-de-radio-consacree-a-lusage-des-donnees-et-son-interet-dans-laction-publique\\\/#breadcrumb\",\"itemListElement\":[{\"@type\":\"ListItem\",\"position\":1,\"name\":\"Accueil\",\"item\":\"https:\\\/\\\/www.datagrandest.fr\\\/site\\\/\"},{\"@type\":\"ListItem\",\"position\":2,\"name\":\"Actualit\u00e9s\",\"item\":\"https:\\\/\\\/www.datagrandest.fr\\\/site\\\/actualite\\\/\"},{\"@type\":\"ListItem\",\"position\":3,\"name\":\"Une \u00e9mission de radio consacr\u00e9e \u00e0 l&rsquo;usage des donn\u00e9es et son int\u00e9r\u00eat dans l&rsquo;action publique\"}]},{\"@type\":\"WebSite\",\"@id\":\"https:\\\/\\\/www.datagrandest.fr\\\/site\\\/#website\",\"url\":\"https:\\\/\\\/www.datagrandest.fr\\\/site\\\/\",\"name\":\"DataGrandEst\",\"description\":\"\",\"potentialAction\":[{\"@type\":\"SearchAction\",\"target\":{\"@type\":\"EntryPoint\",\"urlTemplate\":\"https:\\\/\\\/www.datagrandest.fr\\\/site\\\/?s={search_term_string}\"},\"query-input\":{\"@type\":\"PropertyValueSpecification\",\"valueRequired\":true,\"valueName\":\"search_term_string\"}}],\"inLanguage\":\"fr-FR\"}]}<\/script>\n<!-- \/ Yoast SEO plugin. -->","yoast_head_json":{"title":"Une \u00e9mission de radio consacr\u00e9e \u00e0 l'usage des donn\u00e9es et son int\u00e9r\u00eat dans l'action publique - DataGrandEst","robots":{"index":"index","follow":"follow","max-snippet":"max-snippet:-1","max-image-preview":"max-image-preview:large","max-video-preview":"max-video-preview:-1"},"canonical":"https:\/\/www.datagrandest.fr\/site\/actualite\/une-emission-de-radio-consacree-a-lusage-des-donnees-et-son-interet-dans-laction-publique\/","og_locale":"fr_FR","og_type":"article","og_title":"Une \u00e9mission de radio consacr\u00e9e \u00e0 l'usage des donn\u00e9es et son int\u00e9r\u00eat dans l'action publique - DataGrandEst","og_url":"https:\/\/www.datagrandest.fr\/site\/actualite\/une-emission-de-radio-consacree-a-lusage-des-donnees-et-son-interet-dans-laction-publique\/","og_site_name":"DataGrandEst","article_modified_time":"2025-11-06T16:40:52+00:00","twitter_card":"summary_large_image","schema":{"@context":"https:\/\/schema.org","@graph":[{"@type":"WebPage","@id":"https:\/\/www.datagrandest.fr\/site\/actualite\/une-emission-de-radio-consacree-a-lusage-des-donnees-et-son-interet-dans-laction-publique\/","url":"https:\/\/www.datagrandest.fr\/site\/actualite\/une-emission-de-radio-consacree-a-lusage-des-donnees-et-son-interet-dans-laction-publique\/","name":"Une \u00e9mission de radio consacr\u00e9e \u00e0 l'usage des donn\u00e9es et son int\u00e9r\u00eat dans l'action publique - DataGrandEst","isPartOf":{"@id":"https:\/\/www.datagrandest.fr\/site\/#website"},"datePublished":"2022-01-06T00:35:09+00:00","dateModified":"2025-11-06T16:40:52+00:00","breadcrumb":{"@id":"https:\/\/www.datagrandest.fr\/site\/actualite\/une-emission-de-radio-consacree-a-lusage-des-donnees-et-son-interet-dans-laction-publique\/#breadcrumb"},"inLanguage":"fr-FR","potentialAction":[{"@type":"ReadAction","target":["https:\/\/www.datagrandest.fr\/site\/actualite\/une-emission-de-radio-consacree-a-lusage-des-donnees-et-son-interet-dans-laction-publique\/"]}]},{"@type":"BreadcrumbList","@id":"https:\/\/www.datagrandest.fr\/site\/actualite\/une-emission-de-radio-consacree-a-lusage-des-donnees-et-son-interet-dans-laction-publique\/#breadcrumb","itemListElement":[{"@type":"ListItem","position":1,"name":"Accueil","item":"https:\/\/www.datagrandest.fr\/site\/"},{"@type":"ListItem","position":2,"name":"Actualit\u00e9s","item":"https:\/\/www.datagrandest.fr\/site\/actualite\/"},{"@type":"ListItem","position":3,"name":"Une \u00e9mission de radio consacr\u00e9e \u00e0 l&rsquo;usage des donn\u00e9es et son int\u00e9r\u00eat dans l&rsquo;action publique"}]},{"@type":"WebSite","@id":"https:\/\/www.datagrandest.fr\/site\/#website","url":"https:\/\/www.datagrandest.fr\/site\/","name":"DataGrandEst","description":"","potentialAction":[{"@type":"SearchAction","target":{"@type":"EntryPoint","urlTemplate":"https:\/\/www.datagrandest.fr\/site\/?s={search_term_string}"},"query-input":{"@type":"PropertyValueSpecification","valueRequired":true,"valueName":"search_term_string"}}],"inLanguage":"fr-FR"}]}},"_links":{"self":[{"href":"https:\/\/www.datagrandest.fr\/site\/wp-json\/wp\/v2\/actualite\/1135","targetHints":{"allow":["GET"]}}],"collection":[{"href":"https:\/\/www.datagrandest.fr\/site\/wp-json\/wp\/v2\/actualite"}],"about":[{"href":"https:\/\/www.datagrandest.fr\/site\/wp-json\/wp\/v2\/types\/actualite"}],"version-history":[{"count":1,"href":"https:\/\/www.datagrandest.fr\/site\/wp-json\/wp\/v2\/actualite\/1135\/revisions"}],"predecessor-version":[{"id":1137,"href":"https:\/\/www.datagrandest.fr\/site\/wp-json\/wp\/v2\/actualite\/1135\/revisions\/1137"}],"wp:attachment":[{"href":"https:\/\/www.datagrandest.fr\/site\/wp-json\/wp\/v2\/media?parent=1135"}],"wp:term":[{"taxonomy":"source","embeddable":true,"href":"https:\/\/www.datagrandest.fr\/site\/wp-json\/wp\/v2\/source?post=1135"},{"taxonomy":"thematique_globale","embeddable":true,"href":"https:\/\/www.datagrandest.fr\/site\/wp-json\/wp\/v2\/thematique_globale?post=1135"}],"curies":[{"name":"wp","href":"https:\/\/api.w.org\/{rel}","templated":true}]}}