{"id":1152,"date":"2021-12-02T09:31:57","date_gmt":"2021-12-02T08:31:57","guid":{"rendered":"https:\/\/dev.datagrandest.fr\/site\/actualite\/les-rencontres-regionales-de-la-donnee-et-datagrandest-a-lhonneur-dans-la-presse\/"},"modified":"2025-11-06T17:40:54","modified_gmt":"2025-11-06T16:40:54","slug":"les-rencontres-regionales-de-la-donnee-et-datagrandest-a-lhonneur-dans-la-presse","status":"publish","type":"actualite","link":"https:\/\/www.datagrandest.fr\/site\/actualite\/les-rencontres-regionales-de-la-donnee-et-datagrandest-a-lhonneur-dans-la-presse\/","title":{"rendered":"Les rencontres r\u00e9gionales de la donn\u00e9e et DataGrandEst \u00e0 l\u2019honneur dans la presse"},"template":"","meta":{"_acf_changed":false,"_relevanssi_hide_post":"","_relevanssi_hide_content":"","_relevanssi_pin_for_all":"","_relevanssi_pin_keywords":"","_relevanssi_unpin_keywords":"","_relevanssi_related_keywords":"","_relevanssi_related_include_ids":"","_relevanssi_related_exclude_ids":"","_relevanssi_related_no_append":"","_relevanssi_related_not_related":"","_relevanssi_related_posts":"","_relevanssi_noindex_reason":""},"source":[],"thematique_globale":[],"class_list":["post-1152","actualite","type-actualite","status-publish","hentry"],"acf":{"glo_image":1046,"glo_intro":"","glo_car_surcharge_titre":"","glo_car_surcharge_lien":"","cms_contenus_flexibles":[{"acf_fc_layout":"flex_texte_libre","show_title":false,"titre_de_section":"","contenu":"\n<h3>\n\tDe belles retomb&eacute;es presses\n<\/h3>\n\n<p>\n\tLe lancement de DataGrandEst qui a eu lieu le 16 novembre lors de la rencontre r&eacute;gionale de la donn&eacute;e a &eacute;t&eacute; largement relay&eacute; par les m&eacute;dias de la r&eacute;gion Grand Est\n<\/p>\n\n<p>\n\tConsultez ces articles :\n<\/p>\n\n<p>\n\t&nbsp;\n<\/p>\n\n<div class=\"row\">\n\t<div class=\"col-sm-6 col-md-6\">\n\t\t<div class=\"thumbnail\">\n\t\t\t<p class=\"rtecenter\">\n\t\t\t\t<iframe allowfullscreen=\"\" frameborder=\"1\" height=\"236\" scrolling=\"no\" src=\"\/\/www.datagrandest.fr\/public\/datagrandest\/Video-JT-France3_20211116-DataGrandEst.mp4\" width=\"380\"><\/iframe>\n\t\t\t<\/p>\n\n\t\t\t<div class=\"caption\">\n\t\t\t\t<p class=\"rtecenter\">\n\t\t\t\t\tFrance 3\n\t\t\t\t<\/p>\n\t\t\t<\/div>\n\t\t<\/div>\n\t<\/div>\n<\/div>\n<!--FINANCEURS LIGNE 1-->\n\n<div class=\"row\">\n\t<div class=\"col-xs-6 col-md-3\">\n\t\t<div class=\"thumbnail\">\n\t\t\t<a href=\"https:\/\/www.lalsace.fr\/politique\/2021\/11\/18\/rassembler-et-partager-les-donnees-des-collectivites\" target=\"_blank\"><img src=\"\/site\/wp-content\/uploads\/2025\/11\/logo_alsace_150x150.jpg\"><\/a>\n\t\t<\/div>\n\t<\/div>\n\n\t<div class=\"col-xs-6 col-md-3\">\n\t\t<div class=\"thumbnail\">\n\t\t\t<a href=\"https:\/\/www.republicain-lorrain.fr\/economie\/2021\/11\/16\/data-grand-est-mutualiser-les-donnees-des-collectivites\" target=\"_blank\"><img src=\"\/site\/wp-content\/uploads\/2025\/11\/logo_republicain_lorrain_150x150.jpg\"><\/a>\n\t\t<\/div>\n\t<\/div>\n\n\t<div class=\"col-xs-6 col-md-3\">\n\t\t<div class=\"thumbnail\">\n\t\t\t<a href=\"https:\/\/www.dna.fr\/politique\/2021\/11\/18\/rassembler-et-partager-les-donnees-des-collectivites\" target=\"_blank\"><img src=\"\/site\/wp-content\/uploads\/2025\/11\/logo_dna_150x150.jpg\"><\/a>\n\t\t<\/div>\n\t<\/div>\n<\/div>\n<!--FINANCEURS LIGNE 2-->\n\n<div class=\"row\">\n\t<div class=\"col-xs-6 col-md-3\">\n\t\t<div class=\"thumbnail\">\n\t\t\t<a href=\"https:\/\/www.lasemaine.fr\/economie-une-plateforme-pour-ouvrir-la-data-au-commun-des-mortels-dans-le-grand-est\/\" target=\"_blank\"><img src=\"\/site\/wp-content\/uploads\/2025\/11\/logo_la_semaine_150x150.jpg\"><\/a>\n\t\t<\/div>\n\t<\/div>\n\n\t<div class=\"col-xs-6 col-md-3\">\n\t\t<div class=\"thumbnail\">\n\t\t\t<a href=\"https:\/\/grandest.info\/blog\/2021\/11\/17\/lancement-datagrandest-open-data-region-grand-est\/\" target=\"_blank\"><img src=\"\/site\/portail\/sites\/default\/files\/%09logo_grandest_info_150x150.jpg\"><\/a>\n\t\t<\/div>\n\t<\/div>\n\n\t<div class=\"col-xs-6 col-md-3\">\n\t\t<div class=\"thumbnail\">\n\t\t\t<a href=\"http:\/\/www.smartcitymag.fr\/article\/962\/la-region-grand-est-investit-6-millions-d-euros-dans-sa-plateforme-de-la-donnee\" target=\"_blank\"><img src=\"\/site\/wp-content\/uploads\/2025\/11\/logo_smartcity_150x150.jpg\"><\/a>\n\t\t<\/div>\n\t<\/div>\n<\/div>\n<!--FINANCEURS LIGNE 3-->\n\n<div class=\"row\">\n\t<div class=\"col-xs-6 col-md-3\">\n\t\t<div class=\"thumbnail\">\n\t\t\t<a href=\"https:\/\/www.afigeo.asso.fr\/nouvelle-dynamique-de-la-geo-a-la-data-dans-le-grandest\/\" target=\"_blank\"><img src=\"\/site\/wp-content\/uploads\/2025\/11\/logo_afigeo_150x150.jpg\"><\/a>\n\t\t<\/div>\n\t<\/div>\n<\/div>\n\n<p>\n\t&nbsp;\n<\/p>\n\n<p>\n\t&nbsp;\n<\/p>\n\n","couleur_de_fond":false,"taille_de_la_zone":false,"position_texte":"center","image_de_fond":""}]},"yoast_head":"<!-- This site is optimized with the Yoast SEO plugin v27.4 - https:\/\/yoast.com\/product\/yoast-seo-wordpress\/ -->\n<title>Les rencontres r\u00e9gionales de la donn\u00e9e et DataGrandEst \u00e0 l\u2019honneur dans la presse - DataGrandEst<\/title>\n<meta name=\"robots\" content=\"index, follow, max-snippet:-1, max-image-preview:large, max-video-preview:-1\" \/>\n<link rel=\"canonical\" href=\"https:\/\/www.datagrandest.fr\/site\/actualite\/les-rencontres-regionales-de-la-donnee-et-datagrandest-a-lhonneur-dans-la-presse\/\" \/>\n<meta property=\"og:locale\" content=\"fr_FR\" \/>\n<meta property=\"og:type\" content=\"article\" \/>\n<meta property=\"og:title\" content=\"Les rencontres r\u00e9gionales de la donn\u00e9e et DataGrandEst \u00e0 l\u2019honneur dans la presse - DataGrandEst\" \/>\n<meta property=\"og:url\" content=\"https:\/\/www.datagrandest.fr\/site\/actualite\/les-rencontres-regionales-de-la-donnee-et-datagrandest-a-lhonneur-dans-la-presse\/\" \/>\n<meta property=\"og:site_name\" content=\"DataGrandEst\" \/>\n<meta property=\"article:modified_time\" content=\"2025-11-06T16:40:54+00:00\" \/>\n<meta name=\"twitter:card\" content=\"summary_large_image\" \/>\n<script type=\"application\/ld+json\" class=\"yoast-schema-graph\">{\"@context\":\"https:\\\/\\\/schema.org\",\"@graph\":[{\"@type\":\"WebPage\",\"@id\":\"https:\\\/\\\/www.datagrandest.fr\\\/site\\\/actualite\\\/les-rencontres-regionales-de-la-donnee-et-datagrandest-a-lhonneur-dans-la-presse\\\/\",\"url\":\"https:\\\/\\\/www.datagrandest.fr\\\/site\\\/actualite\\\/les-rencontres-regionales-de-la-donnee-et-datagrandest-a-lhonneur-dans-la-presse\\\/\",\"name\":\"Les rencontres r\u00e9gionales de la donn\u00e9e et DataGrandEst \u00e0 l\u2019honneur dans la presse - DataGrandEst\",\"isPartOf\":{\"@id\":\"https:\\\/\\\/www.datagrandest.fr\\\/site\\\/#website\"},\"datePublished\":\"2021-12-02T08:31:57+00:00\",\"dateModified\":\"2025-11-06T16:40:54+00:00\",\"breadcrumb\":{\"@id\":\"https:\\\/\\\/www.datagrandest.fr\\\/site\\\/actualite\\\/les-rencontres-regionales-de-la-donnee-et-datagrandest-a-lhonneur-dans-la-presse\\\/#breadcrumb\"},\"inLanguage\":\"fr-FR\",\"potentialAction\":[{\"@type\":\"ReadAction\",\"target\":[\"https:\\\/\\\/www.datagrandest.fr\\\/site\\\/actualite\\\/les-rencontres-regionales-de-la-donnee-et-datagrandest-a-lhonneur-dans-la-presse\\\/\"]}]},{\"@type\":\"BreadcrumbList\",\"@id\":\"https:\\\/\\\/www.datagrandest.fr\\\/site\\\/actualite\\\/les-rencontres-regionales-de-la-donnee-et-datagrandest-a-lhonneur-dans-la-presse\\\/#breadcrumb\",\"itemListElement\":[{\"@type\":\"ListItem\",\"position\":1,\"name\":\"Accueil\",\"item\":\"https:\\\/\\\/www.datagrandest.fr\\\/site\\\/\"},{\"@type\":\"ListItem\",\"position\":2,\"name\":\"Actualit\u00e9s\",\"item\":\"https:\\\/\\\/www.datagrandest.fr\\\/site\\\/actualite\\\/\"},{\"@type\":\"ListItem\",\"position\":3,\"name\":\"Les rencontres r\u00e9gionales de la donn\u00e9e et DataGrandEst \u00e0 l\u2019honneur dans la presse\"}]},{\"@type\":\"WebSite\",\"@id\":\"https:\\\/\\\/www.datagrandest.fr\\\/site\\\/#website\",\"url\":\"https:\\\/\\\/www.datagrandest.fr\\\/site\\\/\",\"name\":\"DataGrandEst\",\"description\":\"\",\"potentialAction\":[{\"@type\":\"SearchAction\",\"target\":{\"@type\":\"EntryPoint\",\"urlTemplate\":\"https:\\\/\\\/www.datagrandest.fr\\\/site\\\/?s={search_term_string}\"},\"query-input\":{\"@type\":\"PropertyValueSpecification\",\"valueRequired\":true,\"valueName\":\"search_term_string\"}}],\"inLanguage\":\"fr-FR\"}]}<\/script>\n<!-- \/ Yoast SEO plugin. -->","yoast_head_json":{"title":"Les rencontres r\u00e9gionales de la donn\u00e9e et DataGrandEst \u00e0 l\u2019honneur dans la presse - DataGrandEst","robots":{"index":"index","follow":"follow","max-snippet":"max-snippet:-1","max-image-preview":"max-image-preview:large","max-video-preview":"max-video-preview:-1"},"canonical":"https:\/\/www.datagrandest.fr\/site\/actualite\/les-rencontres-regionales-de-la-donnee-et-datagrandest-a-lhonneur-dans-la-presse\/","og_locale":"fr_FR","og_type":"article","og_title":"Les rencontres r\u00e9gionales de la donn\u00e9e et DataGrandEst \u00e0 l\u2019honneur dans la presse - DataGrandEst","og_url":"https:\/\/www.datagrandest.fr\/site\/actualite\/les-rencontres-regionales-de-la-donnee-et-datagrandest-a-lhonneur-dans-la-presse\/","og_site_name":"DataGrandEst","article_modified_time":"2025-11-06T16:40:54+00:00","twitter_card":"summary_large_image","schema":{"@context":"https:\/\/schema.org","@graph":[{"@type":"WebPage","@id":"https:\/\/www.datagrandest.fr\/site\/actualite\/les-rencontres-regionales-de-la-donnee-et-datagrandest-a-lhonneur-dans-la-presse\/","url":"https:\/\/www.datagrandest.fr\/site\/actualite\/les-rencontres-regionales-de-la-donnee-et-datagrandest-a-lhonneur-dans-la-presse\/","name":"Les rencontres r\u00e9gionales de la donn\u00e9e et DataGrandEst \u00e0 l\u2019honneur dans la presse - DataGrandEst","isPartOf":{"@id":"https:\/\/www.datagrandest.fr\/site\/#website"},"datePublished":"2021-12-02T08:31:57+00:00","dateModified":"2025-11-06T16:40:54+00:00","breadcrumb":{"@id":"https:\/\/www.datagrandest.fr\/site\/actualite\/les-rencontres-regionales-de-la-donnee-et-datagrandest-a-lhonneur-dans-la-presse\/#breadcrumb"},"inLanguage":"fr-FR","potentialAction":[{"@type":"ReadAction","target":["https:\/\/www.datagrandest.fr\/site\/actualite\/les-rencontres-regionales-de-la-donnee-et-datagrandest-a-lhonneur-dans-la-presse\/"]}]},{"@type":"BreadcrumbList","@id":"https:\/\/www.datagrandest.fr\/site\/actualite\/les-rencontres-regionales-de-la-donnee-et-datagrandest-a-lhonneur-dans-la-presse\/#breadcrumb","itemListElement":[{"@type":"ListItem","position":1,"name":"Accueil","item":"https:\/\/www.datagrandest.fr\/site\/"},{"@type":"ListItem","position":2,"name":"Actualit\u00e9s","item":"https:\/\/www.datagrandest.fr\/site\/actualite\/"},{"@type":"ListItem","position":3,"name":"Les rencontres r\u00e9gionales de la donn\u00e9e et DataGrandEst \u00e0 l\u2019honneur dans la presse"}]},{"@type":"WebSite","@id":"https:\/\/www.datagrandest.fr\/site\/#website","url":"https:\/\/www.datagrandest.fr\/site\/","name":"DataGrandEst","description":"","potentialAction":[{"@type":"SearchAction","target":{"@type":"EntryPoint","urlTemplate":"https:\/\/www.datagrandest.fr\/site\/?s={search_term_string}"},"query-input":{"@type":"PropertyValueSpecification","valueRequired":true,"valueName":"search_term_string"}}],"inLanguage":"fr-FR"}]}},"_links":{"self":[{"href":"https:\/\/www.datagrandest.fr\/site\/wp-json\/wp\/v2\/actualite\/1152","targetHints":{"allow":["GET"]}}],"collection":[{"href":"https:\/\/www.datagrandest.fr\/site\/wp-json\/wp\/v2\/actualite"}],"about":[{"href":"https:\/\/www.datagrandest.fr\/site\/wp-json\/wp\/v2\/types\/actualite"}],"version-history":[{"count":1,"href":"https:\/\/www.datagrandest.fr\/site\/wp-json\/wp\/v2\/actualite\/1152\/revisions"}],"predecessor-version":[{"id":1158,"href":"https:\/\/www.datagrandest.fr\/site\/wp-json\/wp\/v2\/actualite\/1152\/revisions\/1158"}],"wp:attachment":[{"href":"https:\/\/www.datagrandest.fr\/site\/wp-json\/wp\/v2\/media?parent=1152"}],"wp:term":[{"taxonomy":"source","embeddable":true,"href":"https:\/\/www.datagrandest.fr\/site\/wp-json\/wp\/v2\/source?post=1152"},{"taxonomy":"thematique_globale","embeddable":true,"href":"https:\/\/www.datagrandest.fr\/site\/wp-json\/wp\/v2\/thematique_globale?post=1152"}],"curies":[{"name":"wp","href":"https:\/\/api.w.org\/{rel}","templated":true}]}}