{"id":1159,"date":"2021-12-01T02:17:55","date_gmt":"2021-12-01T01:17:55","guid":{"rendered":"https:\/\/dev.datagrandest.fr\/site\/actualite\/resultats-de-lenquete-inedite-en-grand-est-sur-les-enjeux-de-louverture-des-donnees-dans-la-region\/"},"modified":"2025-11-06T17:40:54","modified_gmt":"2025-11-06T16:40:54","slug":"resultats-de-lenquete-inedite-en-grand-est-sur-les-enjeux-de-louverture-des-donnees-dans-la-region","status":"publish","type":"actualite","link":"https:\/\/www.datagrandest.fr\/site\/actualite\/resultats-de-lenquete-inedite-en-grand-est-sur-les-enjeux-de-louverture-des-donnees-dans-la-region\/","title":{"rendered":"R\u00e9sultats de l\u2019enqu\u00eate in\u00e9dite en Grand Est sur les enjeux de l&rsquo;ouverture des donn\u00e9es dans la r\u00e9gion"},"template":"","meta":{"_acf_changed":false,"_relevanssi_hide_post":"","_relevanssi_hide_content":"","_relevanssi_pin_for_all":"","_relevanssi_pin_keywords":"","_relevanssi_unpin_keywords":"","_relevanssi_related_keywords":"","_relevanssi_related_include_ids":"","_relevanssi_related_exclude_ids":"","_relevanssi_related_no_append":"","_relevanssi_related_not_related":"","_relevanssi_related_posts":"","_relevanssi_noindex_reason":""},"source":[],"thematique_globale":[],"class_list":["post-1159","actualite","type-actualite","status-publish","hentry"],"acf":{"glo_image":1160,"glo_intro":"","glo_car_surcharge_titre":"","glo_car_surcharge_lien":"","cms_contenus_flexibles":[{"acf_fc_layout":"flex_texte_libre","show_title":false,"titre_de_section":"","contenu":"\n<p>\n\t&nbsp;\n<\/p>\n\n<p>\n\tLe 16 novembre 2021 ont eu lieu les premi&egrave;res Rencontres r&eacute;gionales de la donn&eacute;e du Grand Est au cours desquelles a &eacute;t&eacute; lanc&eacute;e la nouvelle dynamique DataGrandEst.\n<\/p>\n\n<p>\n\t<br>\n\tAu cours de cette journ&eacute;e, Jacques Priol, pr&eacute;sident du cabinet CIVITEO, a relev&eacute; les r&eacute;sultats d&rsquo;une enqu&ecirc;te in&eacute;dite men&eacute;e en septembre et octobre 2021 sur la gestion des donn&eacute;es des collectivit&eacute;s territoriales du Grand Est.\n<\/p>\n\n<p>\n\tCette enqu&ecirc;te a permis :&nbsp;\n<\/p>\n\n<ul>\n\t<li>\n\t\td&rsquo;&eacute;valuer le degr&eacute; d&rsquo;avancement des collectivit&eacute;s face aux enjeux d&rsquo;ouverture de donn&eacute;es, &nbsp;\n\t<\/li>\n\t<li>\n\t\tde mieux cerner leurs besoins en termes de partage d&rsquo;exp&eacute;rience et de mutualisation (moyens techniques , humains, financiers&hellip;)&nbsp;\n\t<\/li>\n\t<li>\n\t\tet de mesurer leur souhait de prendre part &agrave; DataGrandEst.&nbsp;\n\t<\/li>\n<\/ul>\n\n<p>\n\t&nbsp;\n<\/p>\n\n<h3>\n\tDes r&eacute;sultats encourageants\n<\/h3>\n\n<p>\n\tVoici ce qu&rsquo;il est bon de retenir de la part des 95 r&eacute;pondants&nbsp;&nbsp;\n<\/p>\n\n<ul>\n\t<li>\n\t\t77% ont connaissance de la loi sur l&rsquo;ouverture de donn&eacute;es publiques qui s&rsquo;impose &agrave; leurs collectivit&eacute;s de 3500 habitants et plus. 75% ont conscience de l&rsquo;enjeu majeur &agrave; partager des donn&eacute;es pour la conduite de politiques publiques efficaces.&nbsp;\n\t<\/li>\n\t<li>\n\t\t43% sont en cours d&rsquo;ouverture de donn&eacute;es ou sont sur le point d&rsquo;engager les d&eacute;marches.\n\t<\/li>\n\t<li>\n\t\tEt enfin 77% ont manifest&eacute; leur int&eacute;r&ecirc;t de participer &agrave; DataGrandEst.\n\t<\/li>\n<\/ul>\n\n<p>\n\tCette enqu&ecirc;te a permis de &nbsp;dresser un premier &eacute;tat des lieux succinct de la situation en r&eacute;gion Grand Est dans la mise en place de la politique d'ouverture et de partage des donn&eacute;es.&nbsp;\n<\/p>\n\n<p>\n\tIl est &agrave; noter que le partenariat DataGrandEst a un r&ocirc;le majeur &agrave; jouer en termes d&rsquo;accompagnement et de mutualisation des moyens. 77% des r&eacute;pondants n&rsquo;ont pas pu engager un processus de partage de donn&eacute;es pour diverses raisons comme le manque de moyen, de connaissance ou de temps, la donn&eacute;e &eacute;tant un domaine encore bien inconnu de beaucoup.&nbsp;\n<\/p>\n\n<p>\n\tMettre son expertise au service des acteurs publics du territoire, c&rsquo;est un des axes de d&eacute;veloppement de DataGrandEst !\n<\/p>\n\n<p>\n\t&nbsp;\n<\/p>\n\n<p>\n\tRejoignez-nous, <a href=\"\/site\/fr\/adherer-datagrandest\">adh&eacute;rez &agrave; DataGrandEst<\/a>, profitez et contribuez au d&eacute;veloppement des services en ad&eacute;quation avec vos besoins !\n<\/p>\n\n<p>\n\t&nbsp;\n<\/p>\n\n<p>\n\tLes r&eacute;sultats complets de l&rsquo;enqu&ecirc;te sont consultables et t&eacute;l&eacute;chargeables directement sur <a href=\"https:\/\/www.datagrandest.fr\/data4citizen\/visualisation\/information\/?id=resultats-enquete-sur-la-gestion-des-donnees-des-collectivites-territoriales-du-grand-est\">le catalogue de donn&eacute;es DataGrandEst<\/a>.\n<\/p>\n\n<p>\n\t&nbsp;\n<\/p>\n\n<p>\n\t&nbsp;\n<\/p>\n\n","couleur_de_fond":false,"taille_de_la_zone":false,"position_texte":"center","image_de_fond":""}]},"yoast_head":"<!-- This site is optimized with the Yoast SEO plugin v27.4 - https:\/\/yoast.com\/product\/yoast-seo-wordpress\/ -->\n<title>R\u00e9sultats de l\u2019enqu\u00eate in\u00e9dite en Grand Est sur les enjeux de l&#039;ouverture des donn\u00e9es dans la r\u00e9gion - DataGrandEst<\/title>\n<meta name=\"robots\" content=\"index, follow, max-snippet:-1, max-image-preview:large, max-video-preview:-1\" \/>\n<link rel=\"canonical\" href=\"https:\/\/www.datagrandest.fr\/site\/actualite\/resultats-de-lenquete-inedite-en-grand-est-sur-les-enjeux-de-louverture-des-donnees-dans-la-region\/\" \/>\n<meta property=\"og:locale\" content=\"fr_FR\" \/>\n<meta property=\"og:type\" content=\"article\" \/>\n<meta property=\"og:title\" content=\"R\u00e9sultats de l\u2019enqu\u00eate in\u00e9dite en Grand Est sur les enjeux de l&#039;ouverture des donn\u00e9es dans la r\u00e9gion - DataGrandEst\" \/>\n<meta property=\"og:url\" content=\"https:\/\/www.datagrandest.fr\/site\/actualite\/resultats-de-lenquete-inedite-en-grand-est-sur-les-enjeux-de-louverture-des-donnees-dans-la-region\/\" \/>\n<meta property=\"og:site_name\" content=\"DataGrandEst\" \/>\n<meta property=\"article:modified_time\" content=\"2025-11-06T16:40:54+00:00\" \/>\n<meta name=\"twitter:card\" content=\"summary_large_image\" \/>\n<script type=\"application\/ld+json\" class=\"yoast-schema-graph\">{\"@context\":\"https:\\\/\\\/schema.org\",\"@graph\":[{\"@type\":\"WebPage\",\"@id\":\"https:\\\/\\\/www.datagrandest.fr\\\/site\\\/actualite\\\/resultats-de-lenquete-inedite-en-grand-est-sur-les-enjeux-de-louverture-des-donnees-dans-la-region\\\/\",\"url\":\"https:\\\/\\\/www.datagrandest.fr\\\/site\\\/actualite\\\/resultats-de-lenquete-inedite-en-grand-est-sur-les-enjeux-de-louverture-des-donnees-dans-la-region\\\/\",\"name\":\"R\u00e9sultats de l\u2019enqu\u00eate in\u00e9dite en Grand Est sur les enjeux de l'ouverture des donn\u00e9es dans la r\u00e9gion - DataGrandEst\",\"isPartOf\":{\"@id\":\"https:\\\/\\\/www.datagrandest.fr\\\/site\\\/#website\"},\"datePublished\":\"2021-12-01T01:17:55+00:00\",\"dateModified\":\"2025-11-06T16:40:54+00:00\",\"breadcrumb\":{\"@id\":\"https:\\\/\\\/www.datagrandest.fr\\\/site\\\/actualite\\\/resultats-de-lenquete-inedite-en-grand-est-sur-les-enjeux-de-louverture-des-donnees-dans-la-region\\\/#breadcrumb\"},\"inLanguage\":\"fr-FR\",\"potentialAction\":[{\"@type\":\"ReadAction\",\"target\":[\"https:\\\/\\\/www.datagrandest.fr\\\/site\\\/actualite\\\/resultats-de-lenquete-inedite-en-grand-est-sur-les-enjeux-de-louverture-des-donnees-dans-la-region\\\/\"]}]},{\"@type\":\"BreadcrumbList\",\"@id\":\"https:\\\/\\\/www.datagrandest.fr\\\/site\\\/actualite\\\/resultats-de-lenquete-inedite-en-grand-est-sur-les-enjeux-de-louverture-des-donnees-dans-la-region\\\/#breadcrumb\",\"itemListElement\":[{\"@type\":\"ListItem\",\"position\":1,\"name\":\"Accueil\",\"item\":\"https:\\\/\\\/www.datagrandest.fr\\\/site\\\/\"},{\"@type\":\"ListItem\",\"position\":2,\"name\":\"Actualit\u00e9s\",\"item\":\"https:\\\/\\\/www.datagrandest.fr\\\/site\\\/actualite\\\/\"},{\"@type\":\"ListItem\",\"position\":3,\"name\":\"R\u00e9sultats de l\u2019enqu\u00eate in\u00e9dite en Grand Est sur les enjeux de l&rsquo;ouverture des donn\u00e9es dans la r\u00e9gion\"}]},{\"@type\":\"WebSite\",\"@id\":\"https:\\\/\\\/www.datagrandest.fr\\\/site\\\/#website\",\"url\":\"https:\\\/\\\/www.datagrandest.fr\\\/site\\\/\",\"name\":\"DataGrandEst\",\"description\":\"\",\"potentialAction\":[{\"@type\":\"SearchAction\",\"target\":{\"@type\":\"EntryPoint\",\"urlTemplate\":\"https:\\\/\\\/www.datagrandest.fr\\\/site\\\/?s={search_term_string}\"},\"query-input\":{\"@type\":\"PropertyValueSpecification\",\"valueRequired\":true,\"valueName\":\"search_term_string\"}}],\"inLanguage\":\"fr-FR\"}]}<\/script>\n<!-- \/ Yoast SEO plugin. -->","yoast_head_json":{"title":"R\u00e9sultats de l\u2019enqu\u00eate in\u00e9dite en Grand Est sur les enjeux de l'ouverture des donn\u00e9es dans la r\u00e9gion - DataGrandEst","robots":{"index":"index","follow":"follow","max-snippet":"max-snippet:-1","max-image-preview":"max-image-preview:large","max-video-preview":"max-video-preview:-1"},"canonical":"https:\/\/www.datagrandest.fr\/site\/actualite\/resultats-de-lenquete-inedite-en-grand-est-sur-les-enjeux-de-louverture-des-donnees-dans-la-region\/","og_locale":"fr_FR","og_type":"article","og_title":"R\u00e9sultats de l\u2019enqu\u00eate in\u00e9dite en Grand Est sur les enjeux de l'ouverture des donn\u00e9es dans la r\u00e9gion - DataGrandEst","og_url":"https:\/\/www.datagrandest.fr\/site\/actualite\/resultats-de-lenquete-inedite-en-grand-est-sur-les-enjeux-de-louverture-des-donnees-dans-la-region\/","og_site_name":"DataGrandEst","article_modified_time":"2025-11-06T16:40:54+00:00","twitter_card":"summary_large_image","schema":{"@context":"https:\/\/schema.org","@graph":[{"@type":"WebPage","@id":"https:\/\/www.datagrandest.fr\/site\/actualite\/resultats-de-lenquete-inedite-en-grand-est-sur-les-enjeux-de-louverture-des-donnees-dans-la-region\/","url":"https:\/\/www.datagrandest.fr\/site\/actualite\/resultats-de-lenquete-inedite-en-grand-est-sur-les-enjeux-de-louverture-des-donnees-dans-la-region\/","name":"R\u00e9sultats de l\u2019enqu\u00eate in\u00e9dite en Grand Est sur les enjeux de l'ouverture des donn\u00e9es dans la r\u00e9gion - DataGrandEst","isPartOf":{"@id":"https:\/\/www.datagrandest.fr\/site\/#website"},"datePublished":"2021-12-01T01:17:55+00:00","dateModified":"2025-11-06T16:40:54+00:00","breadcrumb":{"@id":"https:\/\/www.datagrandest.fr\/site\/actualite\/resultats-de-lenquete-inedite-en-grand-est-sur-les-enjeux-de-louverture-des-donnees-dans-la-region\/#breadcrumb"},"inLanguage":"fr-FR","potentialAction":[{"@type":"ReadAction","target":["https:\/\/www.datagrandest.fr\/site\/actualite\/resultats-de-lenquete-inedite-en-grand-est-sur-les-enjeux-de-louverture-des-donnees-dans-la-region\/"]}]},{"@type":"BreadcrumbList","@id":"https:\/\/www.datagrandest.fr\/site\/actualite\/resultats-de-lenquete-inedite-en-grand-est-sur-les-enjeux-de-louverture-des-donnees-dans-la-region\/#breadcrumb","itemListElement":[{"@type":"ListItem","position":1,"name":"Accueil","item":"https:\/\/www.datagrandest.fr\/site\/"},{"@type":"ListItem","position":2,"name":"Actualit\u00e9s","item":"https:\/\/www.datagrandest.fr\/site\/actualite\/"},{"@type":"ListItem","position":3,"name":"R\u00e9sultats de l\u2019enqu\u00eate in\u00e9dite en Grand Est sur les enjeux de l&rsquo;ouverture des donn\u00e9es dans la r\u00e9gion"}]},{"@type":"WebSite","@id":"https:\/\/www.datagrandest.fr\/site\/#website","url":"https:\/\/www.datagrandest.fr\/site\/","name":"DataGrandEst","description":"","potentialAction":[{"@type":"SearchAction","target":{"@type":"EntryPoint","urlTemplate":"https:\/\/www.datagrandest.fr\/site\/?s={search_term_string}"},"query-input":{"@type":"PropertyValueSpecification","valueRequired":true,"valueName":"search_term_string"}}],"inLanguage":"fr-FR"}]}},"_links":{"self":[{"href":"https:\/\/www.datagrandest.fr\/site\/wp-json\/wp\/v2\/actualite\/1159","targetHints":{"allow":["GET"]}}],"collection":[{"href":"https:\/\/www.datagrandest.fr\/site\/wp-json\/wp\/v2\/actualite"}],"about":[{"href":"https:\/\/www.datagrandest.fr\/site\/wp-json\/wp\/v2\/types\/actualite"}],"version-history":[{"count":1,"href":"https:\/\/www.datagrandest.fr\/site\/wp-json\/wp\/v2\/actualite\/1159\/revisions"}],"predecessor-version":[{"id":1161,"href":"https:\/\/www.datagrandest.fr\/site\/wp-json\/wp\/v2\/actualite\/1159\/revisions\/1161"}],"wp:attachment":[{"href":"https:\/\/www.datagrandest.fr\/site\/wp-json\/wp\/v2\/media?parent=1159"}],"wp:term":[{"taxonomy":"source","embeddable":true,"href":"https:\/\/www.datagrandest.fr\/site\/wp-json\/wp\/v2\/source?post=1159"},{"taxonomy":"thematique_globale","embeddable":true,"href":"https:\/\/www.datagrandest.fr\/site\/wp-json\/wp\/v2\/thematique_globale?post=1159"}],"curies":[{"name":"wp","href":"https:\/\/api.w.org\/{rel}","templated":true}]}}