{"id":1251,"date":"2021-01-26T05:30:00","date_gmt":"2021-01-26T04:30:00","guid":{"rendered":"https:\/\/dev.datagrandest.fr\/site\/actualite\/save-the-date-seminaire-regards-croises-sur-la-donnee-transfrontaliere-04-02-2021\/"},"modified":"2025-11-06T17:41:01","modified_gmt":"2025-11-06T16:41:01","slug":"save-the-date-seminaire-regards-croises-sur-la-donnee-transfrontaliere-04-02-2021","status":"publish","type":"actualite","link":"https:\/\/www.datagrandest.fr\/site\/actualite\/save-the-date-seminaire-regards-croises-sur-la-donnee-transfrontaliere-04-02-2021\/","title":{"rendered":"Save The Date &#8211; S\u00e9minaire \u00ab\u00a0Regards crois\u00e9s sur la donn\u00e9e transfrontali\u00e8re\u00a0\u00bb 04\/02\/2021"},"template":"","meta":{"_acf_changed":false,"_relevanssi_hide_post":"","_relevanssi_hide_content":"","_relevanssi_pin_for_all":"","_relevanssi_pin_keywords":"","_relevanssi_unpin_keywords":"","_relevanssi_related_keywords":"","_relevanssi_related_include_ids":"","_relevanssi_related_exclude_ids":"","_relevanssi_related_no_append":"","_relevanssi_related_not_related":"","_relevanssi_related_posts":"","_relevanssi_noindex_reason":""},"source":[108],"thematique_globale":[107],"class_list":["post-1251","actualite","type-actualite","status-publish","hentry","source-georhena","thematique_globale-donnees-transfrontalieres"],"acf":{"glo_image":1253,"glo_intro":"","glo_car_surcharge_titre":"","glo_car_surcharge_lien":"","cms_contenus_flexibles":[{"acf_fc_layout":"flex_texte_libre","show_title":false,"titre_de_section":"","contenu":"\n<p>\n\tCe s&eacute;minaire s&rsquo;adresse&nbsp;&agrave; toute personne int&eacute;ress&eacute;e par la coop&eacute;ration transfrontali&egrave;re et europ&eacute;enne en mati&egrave;re de donn&eacute;es.\n<\/p>\n\n<p>\n\tCette ann&eacute;e, la rencontre aura pour th&egrave;me <b><i>&laquo;&nbsp;Regards crois&eacute;s sur la donn&eacute;e transfrontali&egrave;re&nbsp;&raquo;<\/i><\/b> et sera co-organis&eacute;e par GeoRhena et le SIG-GR. Gr&acirc;ce &agrave; des tables-rondes et des ateliers participatifs, elle aura pour objectifs de&nbsp;:\n<\/p>\n\n<ul style=\"list-style-type:square\">\n\t<li style=\"margin-left:8px\">\n\t\tRappeler le contexte actuel sur l&rsquo;observation transfrontali&egrave;re, &agrave; toutes les &eacute;chelles (europ&eacute;enne, transnationale, r&eacute;gionale, locale)\n\t<\/li>\n\t<li style=\"margin-left:8px\">\n\t\tConna&icirc;tre les sp&eacute;cificit&eacute;s des donn&eacute;es transfrontali&egrave;res\n\t<\/li>\n\t<li style=\"margin-left:8px\">\n\t\tConna&icirc;tre les donn&eacute;es existantes et savoir o&ugrave; les trouver\n\t<\/li>\n\t<li style=\"margin-left:8px\">\n\t\tPromouvoir l&rsquo;utilisation et le d&eacute;veloppement de donn&eacute;es transfrontali&egrave;re &agrave; travers la mise en r&eacute;seau des observatoires existants\n\t<\/li>\n\t<li style=\"margin-left:8px\">\n\t\tDonner aux acteurs du territoire la possibilit&eacute; de faire remonter leurs attentes.\n\t<\/li>\n<\/ul>\n\n<p>\n\t&nbsp;\n<\/p>\n\n\n\t<div class=\"media media-element-container media-default\"><div id=\"file-3285\" class=\"file file-image file-image-png\">\n\n        <h2 class=\"element-invisible\"><a href=\"\/site\/portail\/de\/file\/rencontresrhinsuperieurflyerpng\">rencontres_rhinsuperieur_flyer.png<\/a><\/h2>\n    \n  \n  <div class=\"content\">\n    <img alt=\"Donn&eacute;es transfrontali&egrave;res\" title=\"Donn&eacute;es transfrontali&egrave;res\" class=\"media-element file-default img-responsive\" data-delta=\"1\" typeof=\"foaf:Image\" src=\"\/site\/wp-content\/uploads\/2025\/11\/rencontres_rhinsuperieur_flyer.png\" width=\"646\" height=\"690\">  <\/div>\n\n  \n<\/div>\n<\/div>\n\n\n<p>\n\t&nbsp;\n<\/p>\n\n","couleur_de_fond":false,"taille_de_la_zone":false,"position_texte":"center","image_de_fond":""}]},"yoast_head":"<!-- This site is optimized with the Yoast SEO plugin v27.4 - https:\/\/yoast.com\/product\/yoast-seo-wordpress\/ -->\n<title>Save The Date - S\u00e9minaire &quot;Regards crois\u00e9s sur la donn\u00e9e transfrontali\u00e8re&quot; 04\/02\/2021 - DataGrandEst<\/title>\n<meta name=\"robots\" content=\"index, follow, max-snippet:-1, max-image-preview:large, max-video-preview:-1\" \/>\n<link rel=\"canonical\" href=\"https:\/\/www.datagrandest.fr\/site\/actualite\/save-the-date-seminaire-regards-croises-sur-la-donnee-transfrontaliere-04-02-2021\/\" \/>\n<meta property=\"og:locale\" content=\"fr_FR\" \/>\n<meta property=\"og:type\" content=\"article\" \/>\n<meta property=\"og:title\" content=\"Save The Date - S\u00e9minaire &quot;Regards crois\u00e9s sur la donn\u00e9e transfrontali\u00e8re&quot; 04\/02\/2021 - DataGrandEst\" \/>\n<meta property=\"og:url\" content=\"https:\/\/www.datagrandest.fr\/site\/actualite\/save-the-date-seminaire-regards-croises-sur-la-donnee-transfrontaliere-04-02-2021\/\" \/>\n<meta property=\"og:site_name\" content=\"DataGrandEst\" \/>\n<meta property=\"article:modified_time\" content=\"2025-11-06T16:41:01+00:00\" \/>\n<meta name=\"twitter:card\" content=\"summary_large_image\" \/>\n<script type=\"application\/ld+json\" class=\"yoast-schema-graph\">{\"@context\":\"https:\\\/\\\/schema.org\",\"@graph\":[{\"@type\":\"WebPage\",\"@id\":\"https:\\\/\\\/www.datagrandest.fr\\\/site\\\/actualite\\\/save-the-date-seminaire-regards-croises-sur-la-donnee-transfrontaliere-04-02-2021\\\/\",\"url\":\"https:\\\/\\\/www.datagrandest.fr\\\/site\\\/actualite\\\/save-the-date-seminaire-regards-croises-sur-la-donnee-transfrontaliere-04-02-2021\\\/\",\"name\":\"Save The Date - S\u00e9minaire \\\"Regards crois\u00e9s sur la donn\u00e9e transfrontali\u00e8re\\\" 04\\\/02\\\/2021 - DataGrandEst\",\"isPartOf\":{\"@id\":\"https:\\\/\\\/www.datagrandest.fr\\\/site\\\/#website\"},\"datePublished\":\"2021-01-26T04:30:00+00:00\",\"dateModified\":\"2025-11-06T16:41:01+00:00\",\"breadcrumb\":{\"@id\":\"https:\\\/\\\/www.datagrandest.fr\\\/site\\\/actualite\\\/save-the-date-seminaire-regards-croises-sur-la-donnee-transfrontaliere-04-02-2021\\\/#breadcrumb\"},\"inLanguage\":\"fr-FR\",\"potentialAction\":[{\"@type\":\"ReadAction\",\"target\":[\"https:\\\/\\\/www.datagrandest.fr\\\/site\\\/actualite\\\/save-the-date-seminaire-regards-croises-sur-la-donnee-transfrontaliere-04-02-2021\\\/\"]}]},{\"@type\":\"BreadcrumbList\",\"@id\":\"https:\\\/\\\/www.datagrandest.fr\\\/site\\\/actualite\\\/save-the-date-seminaire-regards-croises-sur-la-donnee-transfrontaliere-04-02-2021\\\/#breadcrumb\",\"itemListElement\":[{\"@type\":\"ListItem\",\"position\":1,\"name\":\"Accueil\",\"item\":\"https:\\\/\\\/www.datagrandest.fr\\\/site\\\/\"},{\"@type\":\"ListItem\",\"position\":2,\"name\":\"Actualit\u00e9s\",\"item\":\"https:\\\/\\\/www.datagrandest.fr\\\/site\\\/actualite\\\/\"},{\"@type\":\"ListItem\",\"position\":3,\"name\":\"Save The Date &#8211; S\u00e9minaire \u00ab\u00a0Regards crois\u00e9s sur la donn\u00e9e transfrontali\u00e8re\u00a0\u00bb 04\\\/02\\\/2021\"}]},{\"@type\":\"WebSite\",\"@id\":\"https:\\\/\\\/www.datagrandest.fr\\\/site\\\/#website\",\"url\":\"https:\\\/\\\/www.datagrandest.fr\\\/site\\\/\",\"name\":\"DataGrandEst\",\"description\":\"\",\"potentialAction\":[{\"@type\":\"SearchAction\",\"target\":{\"@type\":\"EntryPoint\",\"urlTemplate\":\"https:\\\/\\\/www.datagrandest.fr\\\/site\\\/?s={search_term_string}\"},\"query-input\":{\"@type\":\"PropertyValueSpecification\",\"valueRequired\":true,\"valueName\":\"search_term_string\"}}],\"inLanguage\":\"fr-FR\"}]}<\/script>\n<!-- \/ Yoast SEO plugin. -->","yoast_head_json":{"title":"Save The Date - S\u00e9minaire \"Regards crois\u00e9s sur la donn\u00e9e transfrontali\u00e8re\" 04\/02\/2021 - DataGrandEst","robots":{"index":"index","follow":"follow","max-snippet":"max-snippet:-1","max-image-preview":"max-image-preview:large","max-video-preview":"max-video-preview:-1"},"canonical":"https:\/\/www.datagrandest.fr\/site\/actualite\/save-the-date-seminaire-regards-croises-sur-la-donnee-transfrontaliere-04-02-2021\/","og_locale":"fr_FR","og_type":"article","og_title":"Save The Date - S\u00e9minaire \"Regards crois\u00e9s sur la donn\u00e9e transfrontali\u00e8re\" 04\/02\/2021 - DataGrandEst","og_url":"https:\/\/www.datagrandest.fr\/site\/actualite\/save-the-date-seminaire-regards-croises-sur-la-donnee-transfrontaliere-04-02-2021\/","og_site_name":"DataGrandEst","article_modified_time":"2025-11-06T16:41:01+00:00","twitter_card":"summary_large_image","schema":{"@context":"https:\/\/schema.org","@graph":[{"@type":"WebPage","@id":"https:\/\/www.datagrandest.fr\/site\/actualite\/save-the-date-seminaire-regards-croises-sur-la-donnee-transfrontaliere-04-02-2021\/","url":"https:\/\/www.datagrandest.fr\/site\/actualite\/save-the-date-seminaire-regards-croises-sur-la-donnee-transfrontaliere-04-02-2021\/","name":"Save The Date - S\u00e9minaire \"Regards crois\u00e9s sur la donn\u00e9e transfrontali\u00e8re\" 04\/02\/2021 - DataGrandEst","isPartOf":{"@id":"https:\/\/www.datagrandest.fr\/site\/#website"},"datePublished":"2021-01-26T04:30:00+00:00","dateModified":"2025-11-06T16:41:01+00:00","breadcrumb":{"@id":"https:\/\/www.datagrandest.fr\/site\/actualite\/save-the-date-seminaire-regards-croises-sur-la-donnee-transfrontaliere-04-02-2021\/#breadcrumb"},"inLanguage":"fr-FR","potentialAction":[{"@type":"ReadAction","target":["https:\/\/www.datagrandest.fr\/site\/actualite\/save-the-date-seminaire-regards-croises-sur-la-donnee-transfrontaliere-04-02-2021\/"]}]},{"@type":"BreadcrumbList","@id":"https:\/\/www.datagrandest.fr\/site\/actualite\/save-the-date-seminaire-regards-croises-sur-la-donnee-transfrontaliere-04-02-2021\/#breadcrumb","itemListElement":[{"@type":"ListItem","position":1,"name":"Accueil","item":"https:\/\/www.datagrandest.fr\/site\/"},{"@type":"ListItem","position":2,"name":"Actualit\u00e9s","item":"https:\/\/www.datagrandest.fr\/site\/actualite\/"},{"@type":"ListItem","position":3,"name":"Save The Date &#8211; S\u00e9minaire \u00ab\u00a0Regards crois\u00e9s sur la donn\u00e9e transfrontali\u00e8re\u00a0\u00bb 04\/02\/2021"}]},{"@type":"WebSite","@id":"https:\/\/www.datagrandest.fr\/site\/#website","url":"https:\/\/www.datagrandest.fr\/site\/","name":"DataGrandEst","description":"","potentialAction":[{"@type":"SearchAction","target":{"@type":"EntryPoint","urlTemplate":"https:\/\/www.datagrandest.fr\/site\/?s={search_term_string}"},"query-input":{"@type":"PropertyValueSpecification","valueRequired":true,"valueName":"search_term_string"}}],"inLanguage":"fr-FR"}]}},"_links":{"self":[{"href":"https:\/\/www.datagrandest.fr\/site\/wp-json\/wp\/v2\/actualite\/1251","targetHints":{"allow":["GET"]}}],"collection":[{"href":"https:\/\/www.datagrandest.fr\/site\/wp-json\/wp\/v2\/actualite"}],"about":[{"href":"https:\/\/www.datagrandest.fr\/site\/wp-json\/wp\/v2\/types\/actualite"}],"version-history":[{"count":1,"href":"https:\/\/www.datagrandest.fr\/site\/wp-json\/wp\/v2\/actualite\/1251\/revisions"}],"predecessor-version":[{"id":1254,"href":"https:\/\/www.datagrandest.fr\/site\/wp-json\/wp\/v2\/actualite\/1251\/revisions\/1254"}],"wp:attachment":[{"href":"https:\/\/www.datagrandest.fr\/site\/wp-json\/wp\/v2\/media?parent=1251"}],"wp:term":[{"taxonomy":"source","embeddable":true,"href":"https:\/\/www.datagrandest.fr\/site\/wp-json\/wp\/v2\/source?post=1251"},{"taxonomy":"thematique_globale","embeddable":true,"href":"https:\/\/www.datagrandest.fr\/site\/wp-json\/wp\/v2\/thematique_globale?post=1251"}],"curies":[{"name":"wp","href":"https:\/\/api.w.org\/{rel}","templated":true}]}}