{"id":4855,"date":"2026-03-02T16:34:51","date_gmt":"2026-03-02T15:34:51","guid":{"rendered":"https:\/\/www.datagrandest.fr\/site\/?post_type=actualite&#038;p=4855"},"modified":"2026-03-03T11:42:12","modified_gmt":"2026-03-03T10:42:12","slug":"la-communaute-de-communes-sauer-pechelbronn-utilise-les-donnees-de-datagrandest-pour-preserver-les-pres-vergers","status":"publish","type":"actualite","link":"https:\/\/www.datagrandest.fr\/site\/actualite\/la-communaute-de-communes-sauer-pechelbronn-utilise-les-donnees-de-datagrandest-pour-preserver-les-pres-vergers\/","title":{"rendered":"La communaut\u00e9 de communes Sauer-Pechelbronn utilise les donn\u00e9es de DataGrandEst pour pr\u00e9server les pr\u00e9s-vergers"},"template":"","meta":{"_acf_changed":false,"_relevanssi_hide_post":"","_relevanssi_hide_content":"","_relevanssi_pin_for_all":"","_relevanssi_pin_keywords":"","_relevanssi_unpin_keywords":"","_relevanssi_related_keywords":"","_relevanssi_related_include_ids":"","_relevanssi_related_exclude_ids":"","_relevanssi_related_no_append":"","_relevanssi_related_not_related":"","_relevanssi_related_posts":"","_relevanssi_noindex_reason":""},"source":[],"thematique_globale":[140],"class_list":["post-4855","actualite","type-actualite","status-publish","hentry","thematique_globale-vergers"],"acf":{"glo_image":4869,"glo_intro":"","glo_car_surcharge_titre":"","glo_car_surcharge_lien":"","cms_contenus_flexibles":[{"acf_fc_layout":"flex_texte_libre","show_title":false,"titre_de_section":"","contenu":"Les pr\u00e9s-vergers constituent un \u00e9l\u00e9ment cl\u00e9 de nos territoires, \u00e0 la fois d'un point de vue paysager, agricole et environnemental. Aussi, pour suivre et pr\u00e9server ces \u00e9cosyst\u00e8mes embl\u00e9matiques, mais en d\u00e9clin, la communaut\u00e9 de communes Sauer-Pechelbronn a mis en place un inventaire qu'elle souhaite r\u00e9it\u00e9rer tous les 4 ans, selon une m\u00e9thodologie mise au point par le Parc naturel r\u00e9gional des Vosges du Nord.\r\n\r\nGr\u00e2ce aux <a href=\"https:\/\/www.datagrandest.fr\/datahub\/search?q=Orthophoto%20r%C3%A9gionale&amp;_sort=-_score\">photographies a\u00e9riennes<\/a> accessibles via la d\u00e9marche DataGrandEst, elle identifie et cartographie ces espaces en tra\u00e7ant les arbres fruitiers align\u00e9s et en appliquant un tampon de 6 m\u00e8tres pour estimer leur surface. En 2021, 476 hectares de pr\u00e9s-vergers ont ainsi \u00e9t\u00e9 recens\u00e9s. Cependant l\u2019analyse r\u00e9v\u00e8le une perte de 41 % de ces surfaces depuis 1950. L'utilisation de <a href=\"https:\/\/www.datagrandest.fr\/site\/projet\/suivre-loccupation-du-sol-regional\/\">la base de donn\u00e9es d'occupation du sol Grand Est<\/a> a permis de caract\u00e9riser les mutations, principalement dues \u00e0 l\u2019urbanisation, aux changements de pratiques agricoles et au d\u00e9laissement. Cette approche innovante permet d\u2019adapter les politiques locales pour mieux prot\u00e9ger ces milieux riches en biodiversit\u00e9.\r\n\r\nPour toute information compl\u00e9mentaire, vous pouvez contacter Fr\u00e9d\u00e9rique Weber, charg\u00e9e de mission environnement \u00e0 la Communaut\u00e9 de communes Sauer-Pechelbronn : <a href=\"mailto:frederique.weber@sauer-pechelbronn.fr\">frederique.weber@sauer-pechelbronn.fr<\/a>\r\n\r\n<img class=\"alignnone wp-image-4856\" src=\"https:\/\/www.datagrandest.fr\/site\/wp-content\/uploads\/2026\/03\/ccsp-analyse-vergers-2012-2021.png\" alt=\"\" width=\"800\" height=\"442\" \/>","couleur_de_fond":"transparent","taille_de_la_zone":"large-content","position_texte":"center","image_de_fond":""},{"acf_fc_layout":"flex_fichiers","show_title":true,"titre_de_section":"Lien vers le r\u00e9sum\u00e9 de l'inventaire des pr\u00e9s-vergers ","elements":[{"fichier":4857}],"couleur_de_fond":"greylight","taille_de_la_zone":"large-content"}]},"yoast_head":"<!-- This site is optimized with the Yoast SEO plugin v27.4 - https:\/\/yoast.com\/product\/yoast-seo-wordpress\/ -->\n<title>La communaut\u00e9 de communes Sauer-Pechelbronn utilise les donn\u00e9es de DataGrandEst pour pr\u00e9server les pr\u00e9s-vergers - DataGrandEst<\/title>\n<meta name=\"robots\" content=\"index, follow, max-snippet:-1, max-image-preview:large, max-video-preview:-1\" \/>\n<link rel=\"canonical\" href=\"https:\/\/www.datagrandest.fr\/site\/actualite\/la-communaute-de-communes-sauer-pechelbronn-utilise-les-donnees-de-datagrandest-pour-preserver-les-pres-vergers\/\" \/>\n<meta property=\"og:locale\" content=\"fr_FR\" \/>\n<meta property=\"og:type\" content=\"article\" \/>\n<meta property=\"og:title\" content=\"La communaut\u00e9 de communes Sauer-Pechelbronn utilise les donn\u00e9es de DataGrandEst pour pr\u00e9server les pr\u00e9s-vergers - DataGrandEst\" \/>\n<meta property=\"og:url\" content=\"https:\/\/www.datagrandest.fr\/site\/actualite\/la-communaute-de-communes-sauer-pechelbronn-utilise-les-donnees-de-datagrandest-pour-preserver-les-pres-vergers\/\" \/>\n<meta property=\"og:site_name\" content=\"DataGrandEst\" \/>\n<meta property=\"article:modified_time\" content=\"2026-03-03T10:42:12+00:00\" \/>\n<meta name=\"twitter:card\" content=\"summary_large_image\" \/>\n<meta name=\"twitter:label1\" content=\"Dur\u00e9e de lecture estim\u00e9e\" \/>\n\t<meta name=\"twitter:data1\" content=\"2 minutes\" \/>\n<script type=\"application\/ld+json\" class=\"yoast-schema-graph\">{\"@context\":\"https:\\\/\\\/schema.org\",\"@graph\":[{\"@type\":\"WebPage\",\"@id\":\"https:\\\/\\\/www.datagrandest.fr\\\/site\\\/actualite\\\/la-communaute-de-communes-sauer-pechelbronn-utilise-les-donnees-de-datagrandest-pour-preserver-les-pres-vergers\\\/\",\"url\":\"https:\\\/\\\/www.datagrandest.fr\\\/site\\\/actualite\\\/la-communaute-de-communes-sauer-pechelbronn-utilise-les-donnees-de-datagrandest-pour-preserver-les-pres-vergers\\\/\",\"name\":\"La communaut\u00e9 de communes Sauer-Pechelbronn utilise les donn\u00e9es de DataGrandEst pour pr\u00e9server les pr\u00e9s-vergers - DataGrandEst\",\"isPartOf\":{\"@id\":\"https:\\\/\\\/www.datagrandest.fr\\\/site\\\/#website\"},\"datePublished\":\"2026-03-02T15:34:51+00:00\",\"dateModified\":\"2026-03-03T10:42:12+00:00\",\"breadcrumb\":{\"@id\":\"https:\\\/\\\/www.datagrandest.fr\\\/site\\\/actualite\\\/la-communaute-de-communes-sauer-pechelbronn-utilise-les-donnees-de-datagrandest-pour-preserver-les-pres-vergers\\\/#breadcrumb\"},\"inLanguage\":\"fr-FR\",\"potentialAction\":[{\"@type\":\"ReadAction\",\"target\":[\"https:\\\/\\\/www.datagrandest.fr\\\/site\\\/actualite\\\/la-communaute-de-communes-sauer-pechelbronn-utilise-les-donnees-de-datagrandest-pour-preserver-les-pres-vergers\\\/\"]}]},{\"@type\":\"BreadcrumbList\",\"@id\":\"https:\\\/\\\/www.datagrandest.fr\\\/site\\\/actualite\\\/la-communaute-de-communes-sauer-pechelbronn-utilise-les-donnees-de-datagrandest-pour-preserver-les-pres-vergers\\\/#breadcrumb\",\"itemListElement\":[{\"@type\":\"ListItem\",\"position\":1,\"name\":\"Accueil\",\"item\":\"https:\\\/\\\/www.datagrandest.fr\\\/site\\\/\"},{\"@type\":\"ListItem\",\"position\":2,\"name\":\"Actualit\u00e9s\",\"item\":\"https:\\\/\\\/www.datagrandest.fr\\\/site\\\/actualite\\\/\"},{\"@type\":\"ListItem\",\"position\":3,\"name\":\"La communaut\u00e9 de communes Sauer-Pechelbronn utilise les donn\u00e9es de DataGrandEst pour pr\u00e9server les pr\u00e9s-vergers\"}]},{\"@type\":\"WebSite\",\"@id\":\"https:\\\/\\\/www.datagrandest.fr\\\/site\\\/#website\",\"url\":\"https:\\\/\\\/www.datagrandest.fr\\\/site\\\/\",\"name\":\"DataGrandEst\",\"description\":\"\",\"potentialAction\":[{\"@type\":\"SearchAction\",\"target\":{\"@type\":\"EntryPoint\",\"urlTemplate\":\"https:\\\/\\\/www.datagrandest.fr\\\/site\\\/?s={search_term_string}\"},\"query-input\":{\"@type\":\"PropertyValueSpecification\",\"valueRequired\":true,\"valueName\":\"search_term_string\"}}],\"inLanguage\":\"fr-FR\"}]}<\/script>\n<!-- \/ Yoast SEO plugin. -->","yoast_head_json":{"title":"La communaut\u00e9 de communes Sauer-Pechelbronn utilise les donn\u00e9es de DataGrandEst pour pr\u00e9server les pr\u00e9s-vergers - DataGrandEst","robots":{"index":"index","follow":"follow","max-snippet":"max-snippet:-1","max-image-preview":"max-image-preview:large","max-video-preview":"max-video-preview:-1"},"canonical":"https:\/\/www.datagrandest.fr\/site\/actualite\/la-communaute-de-communes-sauer-pechelbronn-utilise-les-donnees-de-datagrandest-pour-preserver-les-pres-vergers\/","og_locale":"fr_FR","og_type":"article","og_title":"La communaut\u00e9 de communes Sauer-Pechelbronn utilise les donn\u00e9es de DataGrandEst pour pr\u00e9server les pr\u00e9s-vergers - DataGrandEst","og_url":"https:\/\/www.datagrandest.fr\/site\/actualite\/la-communaute-de-communes-sauer-pechelbronn-utilise-les-donnees-de-datagrandest-pour-preserver-les-pres-vergers\/","og_site_name":"DataGrandEst","article_modified_time":"2026-03-03T10:42:12+00:00","twitter_card":"summary_large_image","twitter_misc":{"Dur\u00e9e de lecture estim\u00e9e":"2 minutes"},"schema":{"@context":"https:\/\/schema.org","@graph":[{"@type":"WebPage","@id":"https:\/\/www.datagrandest.fr\/site\/actualite\/la-communaute-de-communes-sauer-pechelbronn-utilise-les-donnees-de-datagrandest-pour-preserver-les-pres-vergers\/","url":"https:\/\/www.datagrandest.fr\/site\/actualite\/la-communaute-de-communes-sauer-pechelbronn-utilise-les-donnees-de-datagrandest-pour-preserver-les-pres-vergers\/","name":"La communaut\u00e9 de communes Sauer-Pechelbronn utilise les donn\u00e9es de DataGrandEst pour pr\u00e9server les pr\u00e9s-vergers - DataGrandEst","isPartOf":{"@id":"https:\/\/www.datagrandest.fr\/site\/#website"},"datePublished":"2026-03-02T15:34:51+00:00","dateModified":"2026-03-03T10:42:12+00:00","breadcrumb":{"@id":"https:\/\/www.datagrandest.fr\/site\/actualite\/la-communaute-de-communes-sauer-pechelbronn-utilise-les-donnees-de-datagrandest-pour-preserver-les-pres-vergers\/#breadcrumb"},"inLanguage":"fr-FR","potentialAction":[{"@type":"ReadAction","target":["https:\/\/www.datagrandest.fr\/site\/actualite\/la-communaute-de-communes-sauer-pechelbronn-utilise-les-donnees-de-datagrandest-pour-preserver-les-pres-vergers\/"]}]},{"@type":"BreadcrumbList","@id":"https:\/\/www.datagrandest.fr\/site\/actualite\/la-communaute-de-communes-sauer-pechelbronn-utilise-les-donnees-de-datagrandest-pour-preserver-les-pres-vergers\/#breadcrumb","itemListElement":[{"@type":"ListItem","position":1,"name":"Accueil","item":"https:\/\/www.datagrandest.fr\/site\/"},{"@type":"ListItem","position":2,"name":"Actualit\u00e9s","item":"https:\/\/www.datagrandest.fr\/site\/actualite\/"},{"@type":"ListItem","position":3,"name":"La communaut\u00e9 de communes Sauer-Pechelbronn utilise les donn\u00e9es de DataGrandEst pour pr\u00e9server les pr\u00e9s-vergers"}]},{"@type":"WebSite","@id":"https:\/\/www.datagrandest.fr\/site\/#website","url":"https:\/\/www.datagrandest.fr\/site\/","name":"DataGrandEst","description":"","potentialAction":[{"@type":"SearchAction","target":{"@type":"EntryPoint","urlTemplate":"https:\/\/www.datagrandest.fr\/site\/?s={search_term_string}"},"query-input":{"@type":"PropertyValueSpecification","valueRequired":true,"valueName":"search_term_string"}}],"inLanguage":"fr-FR"}]}},"_links":{"self":[{"href":"https:\/\/www.datagrandest.fr\/site\/wp-json\/wp\/v2\/actualite\/4855","targetHints":{"allow":["GET"]}}],"collection":[{"href":"https:\/\/www.datagrandest.fr\/site\/wp-json\/wp\/v2\/actualite"}],"about":[{"href":"https:\/\/www.datagrandest.fr\/site\/wp-json\/wp\/v2\/types\/actualite"}],"version-history":[{"count":8,"href":"https:\/\/www.datagrandest.fr\/site\/wp-json\/wp\/v2\/actualite\/4855\/revisions"}],"predecessor-version":[{"id":4916,"href":"https:\/\/www.datagrandest.fr\/site\/wp-json\/wp\/v2\/actualite\/4855\/revisions\/4916"}],"wp:attachment":[{"href":"https:\/\/www.datagrandest.fr\/site\/wp-json\/wp\/v2\/media?parent=4855"}],"wp:term":[{"taxonomy":"source","embeddable":true,"href":"https:\/\/www.datagrandest.fr\/site\/wp-json\/wp\/v2\/source?post=4855"},{"taxonomy":"thematique_globale","embeddable":true,"href":"https:\/\/www.datagrandest.fr\/site\/wp-json\/wp\/v2\/thematique_globale?post=4855"}],"curies":[{"name":"wp","href":"https:\/\/api.w.org\/{rel}","templated":true}]}}