{"id":921,"date":"2025-09-24T05:45:49","date_gmt":"2025-09-24T03:45:49","guid":{"rendered":"https:\/\/dev.datagrandest.fr\/site\/actualite\/les-4emes-rencontres-regionales-de-la-donnee-du-grand-est-sous-le-signe-de-la-biodiversite\/"},"modified":"2025-11-25T10:47:35","modified_gmt":"2025-11-25T09:47:35","slug":"les-4emes-rencontres-regionales-de-la-donnee-du-grand-est-sous-le-signe-de-la-biodiversite","status":"publish","type":"actualite","link":"https:\/\/www.datagrandest.fr\/site\/actualite\/les-4emes-rencontres-regionales-de-la-donnee-du-grand-est-sous-le-signe-de-la-biodiversite\/","title":{"rendered":"Les 4\u00e8mes Rencontres R\u00e9gionales de la Donn\u00e9e du Grand Est sous le signe de la biodiversit\u00e9"},"template":"","meta":{"_acf_changed":false,"_relevanssi_hide_post":"","_relevanssi_hide_content":"","_relevanssi_pin_for_all":"","_relevanssi_pin_keywords":"","_relevanssi_unpin_keywords":"","_relevanssi_related_keywords":"","_relevanssi_related_include_ids":"","_relevanssi_related_exclude_ids":"","_relevanssi_related_no_append":"","_relevanssi_related_not_related":"","_relevanssi_related_posts":"","_relevanssi_noindex_reason":""},"source":[24],"thematique_globale":[31],"class_list":["post-921","actualite","type-actualite","status-publish","hentry","source-datagrandest","thematique_globale-rrd-2025"],"acf":{"glo_image":922,"glo_intro":"","glo_car_surcharge_titre":"","glo_car_surcharge_lien":"","cms_contenus_flexibles":[{"acf_fc_layout":"flex_texte_libre","show_title":false,"titre_de_section":"","contenu":"Nous vous donnons rendez-vous le <strong>27 novembre \u00e0 Strasbourg<\/strong> (si\u00e8ge de la R\u00e9gion, 1 place Adrien Zeller), pour la 4\u00e8me \u00e9dition du rendez-vous incontournable des acteurs de la data du Grand Est : <strong>les Rencontres R\u00e9gionales de la Donn\u00e9es du Grand Est.<\/strong>\r\n\r\nCette ann\u00e9e, nous avons choisi un sujet ambitieux et fortement inscrit dans l\u2019actualit\u00e9 : <strong>\u00ab Des donn\u00e9es pour une transition \u00e9cologique et un num\u00e9rique responsable : le d\u00e9fi du Grand Est ! \u00bb<\/strong>\r\n\r\nEn effet, comment concilier l\u2019imp\u00e9ratif de disposer de plus de donn\u00e9es pour une transition \u00e9cologique r\u00e9ussie tout en limitant leur stockage et usage pour une sobri\u00e9t\u00e9 num\u00e9rique responsable ?\r\nVia des cas d'usages et de nouvelles perspectives de collaboration, venez d\u00e9couvrir comment les acteurs de la donn\u00e9e peuvent transformer ce paradoxe en opportunit\u00e9, pour mieux piloter la transition \u00e9cologique, tout en limitant les impacts du num\u00e9rique.\r\n\r\nCette journ\u00e9e sera \u00e9galement ponctu\u00e9e de temps forts avec une intervention de <strong>Samuel NOWAKOWSKI, ma\u00eetre de conf\u00e9rences \u00e0 l\u2019Universit\u00e9 de Lorraine et chercheur au Laboratoire lorrain d\u2019informatique et ses applications<\/strong> (LORIA), qui nous parlera d'humanit\u00e9s num\u00e9riques et d'IA responsable.\r\nSans oublier la \u00ab traditionnelle \u00bb <strong>remise des prix de notre 3\u00e8me concours de datavisualisation !<\/strong>\r\n\r\n&nbsp;\r\n\r\n&nbsp;\r\n\r\n<a class=\"btn btn-yellow\" role=\"button\" href=\"https:\/\/www.datagrandest.fr\/site\/evenement\/4emes-rencontres-regionales-de-la-donnee-du-grand-est\/\" target=\"_blank\" rel=\"noopener\">PROGRAMME<\/a>","couleur_de_fond":"transparent","taille_de_la_zone":"large-content","position_texte":"center","image_de_fond":""}]},"yoast_head":"<!-- This site is optimized with the Yoast SEO plugin v27.4 - https:\/\/yoast.com\/product\/yoast-seo-wordpress\/ -->\n<title>Les 4\u00e8mes Rencontres R\u00e9gionales de la Donn\u00e9e du Grand Est sous le signe de la biodiversit\u00e9 - DataGrandEst<\/title>\n<meta name=\"robots\" content=\"index, follow, max-snippet:-1, max-image-preview:large, max-video-preview:-1\" \/>\n<link rel=\"canonical\" href=\"https:\/\/www.datagrandest.fr\/site\/actualite\/les-4emes-rencontres-regionales-de-la-donnee-du-grand-est-sous-le-signe-de-la-biodiversite\/\" \/>\n<meta property=\"og:locale\" content=\"fr_FR\" \/>\n<meta property=\"og:type\" content=\"article\" \/>\n<meta property=\"og:title\" content=\"Les 4\u00e8mes Rencontres R\u00e9gionales de la Donn\u00e9e du Grand Est sous le signe de la biodiversit\u00e9 - DataGrandEst\" \/>\n<meta property=\"og:url\" content=\"https:\/\/www.datagrandest.fr\/site\/actualite\/les-4emes-rencontres-regionales-de-la-donnee-du-grand-est-sous-le-signe-de-la-biodiversite\/\" \/>\n<meta property=\"og:site_name\" content=\"DataGrandEst\" \/>\n<meta property=\"article:modified_time\" content=\"2025-11-25T09:47:35+00:00\" \/>\n<meta name=\"twitter:card\" content=\"summary_large_image\" \/>\n<meta name=\"twitter:label1\" content=\"Dur\u00e9e de lecture estim\u00e9e\" \/>\n\t<meta name=\"twitter:data1\" content=\"2 minutes\" \/>\n<script type=\"application\/ld+json\" class=\"yoast-schema-graph\">{\"@context\":\"https:\\\/\\\/schema.org\",\"@graph\":[{\"@type\":\"WebPage\",\"@id\":\"https:\\\/\\\/www.datagrandest.fr\\\/site\\\/actualite\\\/les-4emes-rencontres-regionales-de-la-donnee-du-grand-est-sous-le-signe-de-la-biodiversite\\\/\",\"url\":\"https:\\\/\\\/www.datagrandest.fr\\\/site\\\/actualite\\\/les-4emes-rencontres-regionales-de-la-donnee-du-grand-est-sous-le-signe-de-la-biodiversite\\\/\",\"name\":\"Les 4\u00e8mes Rencontres R\u00e9gionales de la Donn\u00e9e du Grand Est sous le signe de la biodiversit\u00e9 - DataGrandEst\",\"isPartOf\":{\"@id\":\"https:\\\/\\\/www.datagrandest.fr\\\/site\\\/#website\"},\"datePublished\":\"2025-09-24T03:45:49+00:00\",\"dateModified\":\"2025-11-25T09:47:35+00:00\",\"breadcrumb\":{\"@id\":\"https:\\\/\\\/www.datagrandest.fr\\\/site\\\/actualite\\\/les-4emes-rencontres-regionales-de-la-donnee-du-grand-est-sous-le-signe-de-la-biodiversite\\\/#breadcrumb\"},\"inLanguage\":\"fr-FR\",\"potentialAction\":[{\"@type\":\"ReadAction\",\"target\":[\"https:\\\/\\\/www.datagrandest.fr\\\/site\\\/actualite\\\/les-4emes-rencontres-regionales-de-la-donnee-du-grand-est-sous-le-signe-de-la-biodiversite\\\/\"]}]},{\"@type\":\"BreadcrumbList\",\"@id\":\"https:\\\/\\\/www.datagrandest.fr\\\/site\\\/actualite\\\/les-4emes-rencontres-regionales-de-la-donnee-du-grand-est-sous-le-signe-de-la-biodiversite\\\/#breadcrumb\",\"itemListElement\":[{\"@type\":\"ListItem\",\"position\":1,\"name\":\"Accueil\",\"item\":\"https:\\\/\\\/www.datagrandest.fr\\\/site\\\/\"},{\"@type\":\"ListItem\",\"position\":2,\"name\":\"Actualit\u00e9s\",\"item\":\"https:\\\/\\\/www.datagrandest.fr\\\/site\\\/actualite\\\/\"},{\"@type\":\"ListItem\",\"position\":3,\"name\":\"Les 4\u00e8mes Rencontres R\u00e9gionales de la Donn\u00e9e du Grand Est sous le signe de la biodiversit\u00e9\"}]},{\"@type\":\"WebSite\",\"@id\":\"https:\\\/\\\/www.datagrandest.fr\\\/site\\\/#website\",\"url\":\"https:\\\/\\\/www.datagrandest.fr\\\/site\\\/\",\"name\":\"DataGrandEst\",\"description\":\"\",\"potentialAction\":[{\"@type\":\"SearchAction\",\"target\":{\"@type\":\"EntryPoint\",\"urlTemplate\":\"https:\\\/\\\/www.datagrandest.fr\\\/site\\\/?s={search_term_string}\"},\"query-input\":{\"@type\":\"PropertyValueSpecification\",\"valueRequired\":true,\"valueName\":\"search_term_string\"}}],\"inLanguage\":\"fr-FR\"}]}<\/script>\n<!-- \/ Yoast SEO plugin. -->","yoast_head_json":{"title":"Les 4\u00e8mes Rencontres R\u00e9gionales de la Donn\u00e9e du Grand Est sous le signe de la biodiversit\u00e9 - DataGrandEst","robots":{"index":"index","follow":"follow","max-snippet":"max-snippet:-1","max-image-preview":"max-image-preview:large","max-video-preview":"max-video-preview:-1"},"canonical":"https:\/\/www.datagrandest.fr\/site\/actualite\/les-4emes-rencontres-regionales-de-la-donnee-du-grand-est-sous-le-signe-de-la-biodiversite\/","og_locale":"fr_FR","og_type":"article","og_title":"Les 4\u00e8mes Rencontres R\u00e9gionales de la Donn\u00e9e du Grand Est sous le signe de la biodiversit\u00e9 - DataGrandEst","og_url":"https:\/\/www.datagrandest.fr\/site\/actualite\/les-4emes-rencontres-regionales-de-la-donnee-du-grand-est-sous-le-signe-de-la-biodiversite\/","og_site_name":"DataGrandEst","article_modified_time":"2025-11-25T09:47:35+00:00","twitter_card":"summary_large_image","twitter_misc":{"Dur\u00e9e de lecture estim\u00e9e":"2 minutes"},"schema":{"@context":"https:\/\/schema.org","@graph":[{"@type":"WebPage","@id":"https:\/\/www.datagrandest.fr\/site\/actualite\/les-4emes-rencontres-regionales-de-la-donnee-du-grand-est-sous-le-signe-de-la-biodiversite\/","url":"https:\/\/www.datagrandest.fr\/site\/actualite\/les-4emes-rencontres-regionales-de-la-donnee-du-grand-est-sous-le-signe-de-la-biodiversite\/","name":"Les 4\u00e8mes Rencontres R\u00e9gionales de la Donn\u00e9e du Grand Est sous le signe de la biodiversit\u00e9 - DataGrandEst","isPartOf":{"@id":"https:\/\/www.datagrandest.fr\/site\/#website"},"datePublished":"2025-09-24T03:45:49+00:00","dateModified":"2025-11-25T09:47:35+00:00","breadcrumb":{"@id":"https:\/\/www.datagrandest.fr\/site\/actualite\/les-4emes-rencontres-regionales-de-la-donnee-du-grand-est-sous-le-signe-de-la-biodiversite\/#breadcrumb"},"inLanguage":"fr-FR","potentialAction":[{"@type":"ReadAction","target":["https:\/\/www.datagrandest.fr\/site\/actualite\/les-4emes-rencontres-regionales-de-la-donnee-du-grand-est-sous-le-signe-de-la-biodiversite\/"]}]},{"@type":"BreadcrumbList","@id":"https:\/\/www.datagrandest.fr\/site\/actualite\/les-4emes-rencontres-regionales-de-la-donnee-du-grand-est-sous-le-signe-de-la-biodiversite\/#breadcrumb","itemListElement":[{"@type":"ListItem","position":1,"name":"Accueil","item":"https:\/\/www.datagrandest.fr\/site\/"},{"@type":"ListItem","position":2,"name":"Actualit\u00e9s","item":"https:\/\/www.datagrandest.fr\/site\/actualite\/"},{"@type":"ListItem","position":3,"name":"Les 4\u00e8mes Rencontres R\u00e9gionales de la Donn\u00e9e du Grand Est sous le signe de la biodiversit\u00e9"}]},{"@type":"WebSite","@id":"https:\/\/www.datagrandest.fr\/site\/#website","url":"https:\/\/www.datagrandest.fr\/site\/","name":"DataGrandEst","description":"","potentialAction":[{"@type":"SearchAction","target":{"@type":"EntryPoint","urlTemplate":"https:\/\/www.datagrandest.fr\/site\/?s={search_term_string}"},"query-input":{"@type":"PropertyValueSpecification","valueRequired":true,"valueName":"search_term_string"}}],"inLanguage":"fr-FR"}]}},"_links":{"self":[{"href":"https:\/\/www.datagrandest.fr\/site\/wp-json\/wp\/v2\/actualite\/921","targetHints":{"allow":["GET"]}}],"collection":[{"href":"https:\/\/www.datagrandest.fr\/site\/wp-json\/wp\/v2\/actualite"}],"about":[{"href":"https:\/\/www.datagrandest.fr\/site\/wp-json\/wp\/v2\/types\/actualite"}],"version-history":[{"count":4,"href":"https:\/\/www.datagrandest.fr\/site\/wp-json\/wp\/v2\/actualite\/921\/revisions"}],"predecessor-version":[{"id":2612,"href":"https:\/\/www.datagrandest.fr\/site\/wp-json\/wp\/v2\/actualite\/921\/revisions\/2612"}],"wp:attachment":[{"href":"https:\/\/www.datagrandest.fr\/site\/wp-json\/wp\/v2\/media?parent=921"}],"wp:term":[{"taxonomy":"source","embeddable":true,"href":"https:\/\/www.datagrandest.fr\/site\/wp-json\/wp\/v2\/source?post=921"},{"taxonomy":"thematique_globale","embeddable":true,"href":"https:\/\/www.datagrandest.fr\/site\/wp-json\/wp\/v2\/thematique_globale?post=921"}],"curies":[{"name":"wp","href":"https:\/\/api.w.org\/{rel}","templated":true}]}}