{"id":934,"date":"2025-09-22T12:55:34","date_gmt":"2025-09-22T10:55:34","guid":{"rendered":"https:\/\/dev.datagrandest.fr\/site\/actualite\/formation-sur-l-ocs-grand-est-un-appui-strategique-pour-les-territoires\/"},"modified":"2025-11-25T09:53:58","modified_gmt":"2025-11-25T08:53:58","slug":"formation-sur-l-ocs-grand-est-un-appui-strategique-pour-les-territoires","status":"publish","type":"actualite","link":"https:\/\/www.datagrandest.fr\/site\/actualite\/formation-sur-l-ocs-grand-est-un-appui-strategique-pour-les-territoires\/","title":{"rendered":"Formation sur l\u2019 OCS Grand Est : un appui strat\u00e9gique pour les territoires"},"template":"","meta":{"_acf_changed":false,"_relevanssi_hide_post":"","_relevanssi_hide_content":"","_relevanssi_pin_for_all":"","_relevanssi_pin_keywords":"","_relevanssi_unpin_keywords":"","_relevanssi_related_keywords":"","_relevanssi_related_include_ids":"","_relevanssi_related_exclude_ids":"","_relevanssi_related_no_append":"","_relevanssi_related_not_related":"","_relevanssi_related_posts":"","_relevanssi_noindex_reason":""},"source":[43],"thematique_globale":[40,41,42],"class_list":["post-934","actualite","type-actualite","status-publish","hentry","source-syndicat-mixte-du-scot-colmar-rhin-vosges","thematique_globale-occupation-du-sol","thematique_globale-scot-colmar-rhin-vosges","thematique_globale-formation"],"acf":{"glo_image":935,"glo_intro":"","glo_car_surcharge_titre":"","glo_car_surcharge_lien":"","cms_contenus_flexibles":[{"acf_fc_layout":"flex_texte_libre","show_title":false,"titre_de_section":"","contenu":"Le Syndicat Mixte du SCoT Colmar-Rhin-Vosges a organis\u00e9, le 11 septembre, une session de formation \u00e0 destination des \u00e9lus\/\u00e9lues, techniciens\/techniciennes des collectivit\u00e9s, consacr\u00e9e \u00e0 la Base de Donn\u00e9es de l\u2019Occupation du Sol de la r\u00e9gion Grand Est (OCS Grand Est).\r\n\r\nAnim\u00e9e par Isabelle Didierjean, cheffe de projet \u00e0 la R\u00e9gion Grand Est, cette formation s\u2019inscrit dans le cadre des travaux de r\u00e9vision du SCoT. Elle a permis de pr\u00e9senter un outil d\u2019ing\u00e9nierie territoriale mis \u00e0 disposition gratuitement par la R\u00e9gion et l'Etat, dans le cadre de la dynamique DataGrandEst.\r\n\r\nL\u2019 OCS Grand Est offre une lecture fine des dynamiques d\u2019occupation du sol, de la consommation d\u2019espaces naturels, agricoles et forestiers, ainsi que de l\u2019artificialisation des territoires. Elle permet des analyses comparatives \u00e0 diff\u00e9rentes \u00e9chelles spatiales et temporelles, contribuant ainsi \u00e0 la d\u00e9finition d\u2019une strat\u00e9gie fonci\u00e8re compatible avec les objectifs de Z\u00e9ro Artificialisation Nette (ZAN) \u00e0 l\u2019horizon 2050.\r\n\r\nAu regard de l\u2019int\u00e9r\u00eat manifest\u00e9 par les participants, de nouvelles sessions pourraient \u00eatre envisag\u00e9es, notamment autour des enjeux li\u00e9s \u00e0 l\u2019habitat ou au d\u00e9veloppement \u00e9conomique. N\u2019h\u00e9sitez pas \u00e0 consulter notre site ocs.datagrandest.fr et nous faire remonter vos besoins en contactant l\u2019\u00e9quipe DataGrandEst.\r\n\r\n<img src=\"https:\/\/www.scot-crv.fr\/wp-content\/uploads\/2025\/09\/20250911_094701-2048x921.jpg\" \/>\r\n\r\n<em>Source :\u00a0<\/em><a href=\"https:\/\/www.scot-crv.fr\/formation-sur-la-bas-de-donnees-doccupation-du-sol-de-la-region-grand-est-bd-ocs-ge\/\"><em>https:\/\/www.scot-crv.fr\/formation-sur-la-bas-de-donnees-doccupation-du-sol-de-la-region-grand-est-bd-ocs-ge\/<\/em><\/a>\r\n\r\n&nbsp;","couleur_de_fond":"transparent","taille_de_la_zone":"large-content","position_texte":"center","image_de_fond":""}]},"yoast_head":"<!-- This site is optimized with the Yoast SEO plugin v27.4 - https:\/\/yoast.com\/product\/yoast-seo-wordpress\/ -->\n<title>Formation sur l\u2019 OCS Grand Est : un appui strat\u00e9gique pour les territoires - DataGrandEst<\/title>\n<meta name=\"robots\" content=\"index, follow, max-snippet:-1, max-image-preview:large, max-video-preview:-1\" \/>\n<link rel=\"canonical\" href=\"https:\/\/www.datagrandest.fr\/site\/actualite\/formation-sur-l-ocs-grand-est-un-appui-strategique-pour-les-territoires\/\" \/>\n<meta property=\"og:locale\" content=\"fr_FR\" \/>\n<meta property=\"og:type\" content=\"article\" \/>\n<meta property=\"og:title\" content=\"Formation sur l\u2019 OCS Grand Est : un appui strat\u00e9gique pour les territoires - DataGrandEst\" \/>\n<meta property=\"og:url\" content=\"https:\/\/www.datagrandest.fr\/site\/actualite\/formation-sur-l-ocs-grand-est-un-appui-strategique-pour-les-territoires\/\" \/>\n<meta property=\"og:site_name\" content=\"DataGrandEst\" \/>\n<meta property=\"article:modified_time\" content=\"2025-11-25T08:53:58+00:00\" \/>\n<meta name=\"twitter:card\" content=\"summary_large_image\" \/>\n<meta name=\"twitter:label1\" content=\"Dur\u00e9e de lecture estim\u00e9e\" \/>\n\t<meta name=\"twitter:data1\" content=\"2 minutes\" \/>\n<script type=\"application\/ld+json\" class=\"yoast-schema-graph\">{\"@context\":\"https:\\\/\\\/schema.org\",\"@graph\":[{\"@type\":\"WebPage\",\"@id\":\"https:\\\/\\\/www.datagrandest.fr\\\/site\\\/actualite\\\/formation-sur-l-ocs-grand-est-un-appui-strategique-pour-les-territoires\\\/\",\"url\":\"https:\\\/\\\/www.datagrandest.fr\\\/site\\\/actualite\\\/formation-sur-l-ocs-grand-est-un-appui-strategique-pour-les-territoires\\\/\",\"name\":\"Formation sur l\u2019 OCS Grand Est : un appui strat\u00e9gique pour les territoires - DataGrandEst\",\"isPartOf\":{\"@id\":\"https:\\\/\\\/www.datagrandest.fr\\\/site\\\/#website\"},\"datePublished\":\"2025-09-22T10:55:34+00:00\",\"dateModified\":\"2025-11-25T08:53:58+00:00\",\"breadcrumb\":{\"@id\":\"https:\\\/\\\/www.datagrandest.fr\\\/site\\\/actualite\\\/formation-sur-l-ocs-grand-est-un-appui-strategique-pour-les-territoires\\\/#breadcrumb\"},\"inLanguage\":\"fr-FR\",\"potentialAction\":[{\"@type\":\"ReadAction\",\"target\":[\"https:\\\/\\\/www.datagrandest.fr\\\/site\\\/actualite\\\/formation-sur-l-ocs-grand-est-un-appui-strategique-pour-les-territoires\\\/\"]}]},{\"@type\":\"BreadcrumbList\",\"@id\":\"https:\\\/\\\/www.datagrandest.fr\\\/site\\\/actualite\\\/formation-sur-l-ocs-grand-est-un-appui-strategique-pour-les-territoires\\\/#breadcrumb\",\"itemListElement\":[{\"@type\":\"ListItem\",\"position\":1,\"name\":\"Accueil\",\"item\":\"https:\\\/\\\/www.datagrandest.fr\\\/site\\\/\"},{\"@type\":\"ListItem\",\"position\":2,\"name\":\"Actualit\u00e9s\",\"item\":\"https:\\\/\\\/www.datagrandest.fr\\\/site\\\/actualite\\\/\"},{\"@type\":\"ListItem\",\"position\":3,\"name\":\"Formation sur l\u2019 OCS Grand Est : un appui strat\u00e9gique pour les territoires\"}]},{\"@type\":\"WebSite\",\"@id\":\"https:\\\/\\\/www.datagrandest.fr\\\/site\\\/#website\",\"url\":\"https:\\\/\\\/www.datagrandest.fr\\\/site\\\/\",\"name\":\"DataGrandEst\",\"description\":\"\",\"potentialAction\":[{\"@type\":\"SearchAction\",\"target\":{\"@type\":\"EntryPoint\",\"urlTemplate\":\"https:\\\/\\\/www.datagrandest.fr\\\/site\\\/?s={search_term_string}\"},\"query-input\":{\"@type\":\"PropertyValueSpecification\",\"valueRequired\":true,\"valueName\":\"search_term_string\"}}],\"inLanguage\":\"fr-FR\"}]}<\/script>\n<!-- \/ Yoast SEO plugin. -->","yoast_head_json":{"title":"Formation sur l\u2019 OCS Grand Est : un appui strat\u00e9gique pour les territoires - DataGrandEst","robots":{"index":"index","follow":"follow","max-snippet":"max-snippet:-1","max-image-preview":"max-image-preview:large","max-video-preview":"max-video-preview:-1"},"canonical":"https:\/\/www.datagrandest.fr\/site\/actualite\/formation-sur-l-ocs-grand-est-un-appui-strategique-pour-les-territoires\/","og_locale":"fr_FR","og_type":"article","og_title":"Formation sur l\u2019 OCS Grand Est : un appui strat\u00e9gique pour les territoires - DataGrandEst","og_url":"https:\/\/www.datagrandest.fr\/site\/actualite\/formation-sur-l-ocs-grand-est-un-appui-strategique-pour-les-territoires\/","og_site_name":"DataGrandEst","article_modified_time":"2025-11-25T08:53:58+00:00","twitter_card":"summary_large_image","twitter_misc":{"Dur\u00e9e de lecture estim\u00e9e":"2 minutes"},"schema":{"@context":"https:\/\/schema.org","@graph":[{"@type":"WebPage","@id":"https:\/\/www.datagrandest.fr\/site\/actualite\/formation-sur-l-ocs-grand-est-un-appui-strategique-pour-les-territoires\/","url":"https:\/\/www.datagrandest.fr\/site\/actualite\/formation-sur-l-ocs-grand-est-un-appui-strategique-pour-les-territoires\/","name":"Formation sur l\u2019 OCS Grand Est : un appui strat\u00e9gique pour les territoires - DataGrandEst","isPartOf":{"@id":"https:\/\/www.datagrandest.fr\/site\/#website"},"datePublished":"2025-09-22T10:55:34+00:00","dateModified":"2025-11-25T08:53:58+00:00","breadcrumb":{"@id":"https:\/\/www.datagrandest.fr\/site\/actualite\/formation-sur-l-ocs-grand-est-un-appui-strategique-pour-les-territoires\/#breadcrumb"},"inLanguage":"fr-FR","potentialAction":[{"@type":"ReadAction","target":["https:\/\/www.datagrandest.fr\/site\/actualite\/formation-sur-l-ocs-grand-est-un-appui-strategique-pour-les-territoires\/"]}]},{"@type":"BreadcrumbList","@id":"https:\/\/www.datagrandest.fr\/site\/actualite\/formation-sur-l-ocs-grand-est-un-appui-strategique-pour-les-territoires\/#breadcrumb","itemListElement":[{"@type":"ListItem","position":1,"name":"Accueil","item":"https:\/\/www.datagrandest.fr\/site\/"},{"@type":"ListItem","position":2,"name":"Actualit\u00e9s","item":"https:\/\/www.datagrandest.fr\/site\/actualite\/"},{"@type":"ListItem","position":3,"name":"Formation sur l\u2019 OCS Grand Est : un appui strat\u00e9gique pour les territoires"}]},{"@type":"WebSite","@id":"https:\/\/www.datagrandest.fr\/site\/#website","url":"https:\/\/www.datagrandest.fr\/site\/","name":"DataGrandEst","description":"","potentialAction":[{"@type":"SearchAction","target":{"@type":"EntryPoint","urlTemplate":"https:\/\/www.datagrandest.fr\/site\/?s={search_term_string}"},"query-input":{"@type":"PropertyValueSpecification","valueRequired":true,"valueName":"search_term_string"}}],"inLanguage":"fr-FR"}]}},"_links":{"self":[{"href":"https:\/\/www.datagrandest.fr\/site\/wp-json\/wp\/v2\/actualite\/934","targetHints":{"allow":["GET"]}}],"collection":[{"href":"https:\/\/www.datagrandest.fr\/site\/wp-json\/wp\/v2\/actualite"}],"about":[{"href":"https:\/\/www.datagrandest.fr\/site\/wp-json\/wp\/v2\/types\/actualite"}],"version-history":[{"count":3,"href":"https:\/\/www.datagrandest.fr\/site\/wp-json\/wp\/v2\/actualite\/934\/revisions"}],"predecessor-version":[{"id":2565,"href":"https:\/\/www.datagrandest.fr\/site\/wp-json\/wp\/v2\/actualite\/934\/revisions\/2565"}],"wp:attachment":[{"href":"https:\/\/www.datagrandest.fr\/site\/wp-json\/wp\/v2\/media?parent=934"}],"wp:term":[{"taxonomy":"source","embeddable":true,"href":"https:\/\/www.datagrandest.fr\/site\/wp-json\/wp\/v2\/source?post=934"},{"taxonomy":"thematique_globale","embeddable":true,"href":"https:\/\/www.datagrandest.fr\/site\/wp-json\/wp\/v2\/thematique_globale?post=934"}],"curies":[{"name":"wp","href":"https:\/\/api.w.org\/{rel}","templated":true}]}}