{"id":949,"date":"2025-07-10T08:55:23","date_gmt":"2025-07-10T06:55:23","guid":{"rendered":"https:\/\/dev.datagrandest.fr\/site\/actualite\/webinaire-acquerir-des-donnees-pcrs-organise-par-lanct-et-lafigeo\/"},"modified":"2025-11-25T10:09:21","modified_gmt":"2025-11-25T09:09:21","slug":"webinaire-acquerir-des-donnees-pcrs-organise-par-lanct-et-lafigeo","status":"publish","type":"actualite","link":"https:\/\/www.datagrandest.fr\/site\/actualite\/webinaire-acquerir-des-donnees-pcrs-organise-par-lanct-et-lafigeo\/","title":{"rendered":"Webinaire \u00ab Acqu\u00e9rir des donn\u00e9es PCRS \u00bb organis\u00e9 par l&rsquo;ANCT et l&rsquo;AFIGEO"},"template":"","meta":{"_acf_changed":false,"_relevanssi_hide_post":"","_relevanssi_hide_content":"","_relevanssi_pin_for_all":"","_relevanssi_pin_keywords":"","_relevanssi_unpin_keywords":"","_relevanssi_related_keywords":"","_relevanssi_related_include_ids":"","_relevanssi_related_exclude_ids":"","_relevanssi_related_no_append":"","_relevanssi_related_not_related":"","_relevanssi_related_posts":"","_relevanssi_noindex_reason":""},"source":[],"thematique_globale":[],"class_list":["post-949","actualite","type-actualite","status-publish","hentry"],"acf":{"glo_image":941,"glo_intro":"","glo_car_surcharge_titre":"","glo_car_surcharge_lien":"","cms_contenus_flexibles":[{"acf_fc_layout":"flex_texte_libre","show_title":false,"titre_de_section":"","contenu":"&nbsp;\r\n\r\nLe <strong>26 septembre<\/strong> prochain, en partenariat avec <strong>l\u2019Afig\u00e9o<\/strong>, la startup d\u2019\u00c9tat <strong>PCRS<\/strong> propose un webinaire \u00e0 destination des territoires qui envisagent l\u2019acquisition de donn\u00e9es PCRS et se posent des questions relatives aux co\u00fbts, aux financements et \u00e0 la valorisation des usages de la donn\u00e9e PCRS.\r\n\r\n&nbsp;\r\n\r\nAu programme :\r\n<ul>\r\n \t<li><strong>Introduction du webinaire<\/strong> par Rosaine Buannic, startup d\u2019\u00c9tat PCRS et Guillaume Malard, Afig\u00e9o.<\/li>\r\n \t<li><strong>Les \u00e9ch\u00e9ances r\u00e9glementaires \u00e0 l\u2019horizon 2026<\/strong>, <em>Christophe P\u00e9coult, Chef du bureau de la s\u00e9curit\u00e9 des \u00e9quipements \u00e0 risques et des r\u00e9seaux, DGPR<\/em><\/li>\r\n \t<li><strong>L\u2019acquisition des donn\u00e9es PCRS\u00a0: co\u00fbts et leviers d\u2019optimisation<\/strong>\r\n<ul>\r\n \t<li><strong>Le\u00a0mod\u00e8le\u00a0\u00e9conomique\u00a0du\u00a0PCRS\u00a0r\u00e9alis\u00e9\u00a0par\u00a0le Territoire d'Energie\u00a0du Gard<\/strong>, <em>Thibaut\u00a0Pral, g\u00e9omaticien, Territoire d\u2019Energie du Gard<\/em><\/li>\r\n \t<li><strong>Le\u00a0projet\u00a0de\u00a0mutualisation\u00a0de\u00a0Territoire d\u2019Energie Lot\u00a0et\u00a0de\u00a0Territoire d\u2019Energie Tarn<\/strong>, <em>Bruno Faure, Chef de projet SIG, TE\u00a046, S\u00e9bastien Barrieu, Chef de Projet D\u00e9ploiement PCRS, TE\u00a081<\/em><\/li>\r\n \t<li><strong>Les\u00a0\u00e9conomies\u00a0g\u00e9n\u00e9r\u00e9es\u00a0par\u00a0les\u00a0usages\u00a0du\u00a0PCRS<\/strong>, <em>Denis\u00a0Lain\u00e9, Directeur g\u00e9omatique<\/em>\r\n<em>et connaissance du\u00a0territoire, Communaut\u00e9 d'agglom\u00e9ration du Cotentin<\/em><\/li>\r\n \t<li><strong>L\u2019accompagnement \u00e0 l\u2019acquisition et \u00e0 la diffusion des donn\u00e9es PCRS<\/strong>, <em>Guillaume Valtat, Project Manager, IGN, Thomas Mettey, Charg\u00e9 de d\u00e9veloppement partenarial et institutionnel, IGN<\/em><\/li>\r\n<\/ul>\r\n<\/li>\r\n \t<li><strong>Le\u00a0financement\u00a0des\u00a0PCRS\u00a0par les gestionnaires\u00a0de\u00a0r\u00e9seaux<\/strong>\r\n<ul>\r\n \t<li><strong>Enedis<\/strong>, <em>Guillaume Malard, Expert cartographie<\/em><\/li>\r\n \t<li><strong>Orange<\/strong>, <em>Nicolas Lantoine, Responsable D\u00e9partement Fili\u00e8re d'Expertise, M\u00e9thodes et Conception du G\u00e9nie Civil<\/em><\/li>\r\n \t<li><strong>GRDF<\/strong>, <em>Pierre Nguyen Trong, Responsable du domaine cartographie<\/em><\/li>\r\n<\/ul>\r\n<\/li>\r\n<\/ul>\r\n&nbsp;\r\n<ul>\r\n \t<li><strong>L\u2019usage des donn\u00e9es PCRS dans la mise en \u0153uvre des comp\u00e9tences des collectivit\u00e9s locales<\/strong>, <em>Patrick Simon, Maire de Bouleuse<\/em><\/li>\r\n \t<li><strong>L\u2019accompagnement des territoires en investigation<\/strong>, <em>Rosaine Buannic, Charg\u00e9e de d\u00e9ploiement, startup d\u2019\u00c9tat PCRS<\/em><\/li>\r\n<\/ul>\r\n&nbsp;\r\n\r\n\ud83d\udccd Lieu :\u00a0Webinaire en ligne.\r\n\ud83d\udd58 Date : le <strong>26 septembre de 10h \u00e0 12h30<\/strong>\r\n\ud83d\udcdd Inscription gratuite mais obligatoire : <a href=\"https:\/\/r.incubateur.anct.gouv.fr\/mk\/cl\/f\/sh\/1t6Af4OiGsE8LR2MR9pXcQ1SPhrKlP\/x4Q25RdAoQDh\" target=\"_blank\" rel=\"noopener\">https:\/\/webinaire.numerique.gouv.fr\/meeting\/signin\/moderateur\/60150\/creator\/32146\/hash\/00a5f9e954e49b2522272fabe3b5adb9d65d74ad<\/a>\r\n\r\n&nbsp;","couleur_de_fond":"transparent","taille_de_la_zone":"large-content","position_texte":"center","image_de_fond":""}]},"yoast_head":"<!-- This site is optimized with the Yoast SEO plugin v27.4 - https:\/\/yoast.com\/product\/yoast-seo-wordpress\/ -->\n<title>Webinaire \u00ab Acqu\u00e9rir des donn\u00e9es PCRS \u00bb organis\u00e9 par l&#039;ANCT et l&#039;AFIGEO - DataGrandEst<\/title>\n<meta name=\"robots\" content=\"index, follow, max-snippet:-1, max-image-preview:large, max-video-preview:-1\" \/>\n<link rel=\"canonical\" href=\"https:\/\/www.datagrandest.fr\/site\/actualite\/webinaire-acquerir-des-donnees-pcrs-organise-par-lanct-et-lafigeo\/\" \/>\n<meta property=\"og:locale\" content=\"fr_FR\" \/>\n<meta property=\"og:type\" content=\"article\" \/>\n<meta property=\"og:title\" content=\"Webinaire \u00ab Acqu\u00e9rir des donn\u00e9es PCRS \u00bb organis\u00e9 par l&#039;ANCT et l&#039;AFIGEO - DataGrandEst\" \/>\n<meta property=\"og:url\" content=\"https:\/\/www.datagrandest.fr\/site\/actualite\/webinaire-acquerir-des-donnees-pcrs-organise-par-lanct-et-lafigeo\/\" \/>\n<meta property=\"og:site_name\" content=\"DataGrandEst\" \/>\n<meta property=\"article:modified_time\" content=\"2025-11-25T09:09:21+00:00\" \/>\n<meta name=\"twitter:card\" content=\"summary_large_image\" \/>\n<meta name=\"twitter:label1\" content=\"Dur\u00e9e de lecture estim\u00e9e\" \/>\n\t<meta name=\"twitter:data1\" content=\"2 minutes\" \/>\n<script type=\"application\/ld+json\" class=\"yoast-schema-graph\">{\"@context\":\"https:\\\/\\\/schema.org\",\"@graph\":[{\"@type\":\"WebPage\",\"@id\":\"https:\\\/\\\/www.datagrandest.fr\\\/site\\\/actualite\\\/webinaire-acquerir-des-donnees-pcrs-organise-par-lanct-et-lafigeo\\\/\",\"url\":\"https:\\\/\\\/www.datagrandest.fr\\\/site\\\/actualite\\\/webinaire-acquerir-des-donnees-pcrs-organise-par-lanct-et-lafigeo\\\/\",\"name\":\"Webinaire \u00ab Acqu\u00e9rir des donn\u00e9es PCRS \u00bb organis\u00e9 par l'ANCT et l'AFIGEO - DataGrandEst\",\"isPartOf\":{\"@id\":\"https:\\\/\\\/www.datagrandest.fr\\\/site\\\/#website\"},\"datePublished\":\"2025-07-10T06:55:23+00:00\",\"dateModified\":\"2025-11-25T09:09:21+00:00\",\"breadcrumb\":{\"@id\":\"https:\\\/\\\/www.datagrandest.fr\\\/site\\\/actualite\\\/webinaire-acquerir-des-donnees-pcrs-organise-par-lanct-et-lafigeo\\\/#breadcrumb\"},\"inLanguage\":\"fr-FR\",\"potentialAction\":[{\"@type\":\"ReadAction\",\"target\":[\"https:\\\/\\\/www.datagrandest.fr\\\/site\\\/actualite\\\/webinaire-acquerir-des-donnees-pcrs-organise-par-lanct-et-lafigeo\\\/\"]}]},{\"@type\":\"BreadcrumbList\",\"@id\":\"https:\\\/\\\/www.datagrandest.fr\\\/site\\\/actualite\\\/webinaire-acquerir-des-donnees-pcrs-organise-par-lanct-et-lafigeo\\\/#breadcrumb\",\"itemListElement\":[{\"@type\":\"ListItem\",\"position\":1,\"name\":\"Accueil\",\"item\":\"https:\\\/\\\/www.datagrandest.fr\\\/site\\\/\"},{\"@type\":\"ListItem\",\"position\":2,\"name\":\"Actualit\u00e9s\",\"item\":\"https:\\\/\\\/www.datagrandest.fr\\\/site\\\/actualite\\\/\"},{\"@type\":\"ListItem\",\"position\":3,\"name\":\"Webinaire \u00ab Acqu\u00e9rir des donn\u00e9es PCRS \u00bb organis\u00e9 par l&rsquo;ANCT et l&rsquo;AFIGEO\"}]},{\"@type\":\"WebSite\",\"@id\":\"https:\\\/\\\/www.datagrandest.fr\\\/site\\\/#website\",\"url\":\"https:\\\/\\\/www.datagrandest.fr\\\/site\\\/\",\"name\":\"DataGrandEst\",\"description\":\"\",\"potentialAction\":[{\"@type\":\"SearchAction\",\"target\":{\"@type\":\"EntryPoint\",\"urlTemplate\":\"https:\\\/\\\/www.datagrandest.fr\\\/site\\\/?s={search_term_string}\"},\"query-input\":{\"@type\":\"PropertyValueSpecification\",\"valueRequired\":true,\"valueName\":\"search_term_string\"}}],\"inLanguage\":\"fr-FR\"}]}<\/script>\n<!-- \/ Yoast SEO plugin. -->","yoast_head_json":{"title":"Webinaire \u00ab Acqu\u00e9rir des donn\u00e9es PCRS \u00bb organis\u00e9 par l'ANCT et l'AFIGEO - DataGrandEst","robots":{"index":"index","follow":"follow","max-snippet":"max-snippet:-1","max-image-preview":"max-image-preview:large","max-video-preview":"max-video-preview:-1"},"canonical":"https:\/\/www.datagrandest.fr\/site\/actualite\/webinaire-acquerir-des-donnees-pcrs-organise-par-lanct-et-lafigeo\/","og_locale":"fr_FR","og_type":"article","og_title":"Webinaire \u00ab Acqu\u00e9rir des donn\u00e9es PCRS \u00bb organis\u00e9 par l'ANCT et l'AFIGEO - DataGrandEst","og_url":"https:\/\/www.datagrandest.fr\/site\/actualite\/webinaire-acquerir-des-donnees-pcrs-organise-par-lanct-et-lafigeo\/","og_site_name":"DataGrandEst","article_modified_time":"2025-11-25T09:09:21+00:00","twitter_card":"summary_large_image","twitter_misc":{"Dur\u00e9e de lecture estim\u00e9e":"2 minutes"},"schema":{"@context":"https:\/\/schema.org","@graph":[{"@type":"WebPage","@id":"https:\/\/www.datagrandest.fr\/site\/actualite\/webinaire-acquerir-des-donnees-pcrs-organise-par-lanct-et-lafigeo\/","url":"https:\/\/www.datagrandest.fr\/site\/actualite\/webinaire-acquerir-des-donnees-pcrs-organise-par-lanct-et-lafigeo\/","name":"Webinaire \u00ab Acqu\u00e9rir des donn\u00e9es PCRS \u00bb organis\u00e9 par l'ANCT et l'AFIGEO - DataGrandEst","isPartOf":{"@id":"https:\/\/www.datagrandest.fr\/site\/#website"},"datePublished":"2025-07-10T06:55:23+00:00","dateModified":"2025-11-25T09:09:21+00:00","breadcrumb":{"@id":"https:\/\/www.datagrandest.fr\/site\/actualite\/webinaire-acquerir-des-donnees-pcrs-organise-par-lanct-et-lafigeo\/#breadcrumb"},"inLanguage":"fr-FR","potentialAction":[{"@type":"ReadAction","target":["https:\/\/www.datagrandest.fr\/site\/actualite\/webinaire-acquerir-des-donnees-pcrs-organise-par-lanct-et-lafigeo\/"]}]},{"@type":"BreadcrumbList","@id":"https:\/\/www.datagrandest.fr\/site\/actualite\/webinaire-acquerir-des-donnees-pcrs-organise-par-lanct-et-lafigeo\/#breadcrumb","itemListElement":[{"@type":"ListItem","position":1,"name":"Accueil","item":"https:\/\/www.datagrandest.fr\/site\/"},{"@type":"ListItem","position":2,"name":"Actualit\u00e9s","item":"https:\/\/www.datagrandest.fr\/site\/actualite\/"},{"@type":"ListItem","position":3,"name":"Webinaire \u00ab Acqu\u00e9rir des donn\u00e9es PCRS \u00bb organis\u00e9 par l&rsquo;ANCT et l&rsquo;AFIGEO"}]},{"@type":"WebSite","@id":"https:\/\/www.datagrandest.fr\/site\/#website","url":"https:\/\/www.datagrandest.fr\/site\/","name":"DataGrandEst","description":"","potentialAction":[{"@type":"SearchAction","target":{"@type":"EntryPoint","urlTemplate":"https:\/\/www.datagrandest.fr\/site\/?s={search_term_string}"},"query-input":{"@type":"PropertyValueSpecification","valueRequired":true,"valueName":"search_term_string"}}],"inLanguage":"fr-FR"}]}},"_links":{"self":[{"href":"https:\/\/www.datagrandest.fr\/site\/wp-json\/wp\/v2\/actualite\/949","targetHints":{"allow":["GET"]}}],"collection":[{"href":"https:\/\/www.datagrandest.fr\/site\/wp-json\/wp\/v2\/actualite"}],"about":[{"href":"https:\/\/www.datagrandest.fr\/site\/wp-json\/wp\/v2\/types\/actualite"}],"version-history":[{"count":2,"href":"https:\/\/www.datagrandest.fr\/site\/wp-json\/wp\/v2\/actualite\/949\/revisions"}],"predecessor-version":[{"id":2580,"href":"https:\/\/www.datagrandest.fr\/site\/wp-json\/wp\/v2\/actualite\/949\/revisions\/2580"}],"wp:attachment":[{"href":"https:\/\/www.datagrandest.fr\/site\/wp-json\/wp\/v2\/media?parent=949"}],"wp:term":[{"taxonomy":"source","embeddable":true,"href":"https:\/\/www.datagrandest.fr\/site\/wp-json\/wp\/v2\/source?post=949"},{"taxonomy":"thematique_globale","embeddable":true,"href":"https:\/\/www.datagrandest.fr\/site\/wp-json\/wp\/v2\/thematique_globale?post=949"}],"curies":[{"name":"wp","href":"https:\/\/api.w.org\/{rel}","templated":true}]}}