{"id":954,"date":"2025-06-19T09:18:18","date_gmt":"2025-06-19T07:18:18","guid":{"rendered":"https:\/\/dev.datagrandest.fr\/site\/actualite\/journees-insee-sur-lattractivite-territoriale-a-strasbourg-le-16-septembre-2025\/"},"modified":"2025-11-25T09:59:41","modified_gmt":"2025-11-25T08:59:41","slug":"journees-insee-sur-lattractivite-territoriale-a-strasbourg-le-16-septembre-2025","status":"publish","type":"actualite","link":"https:\/\/www.datagrandest.fr\/site\/actualite\/journees-insee-sur-lattractivite-territoriale-a-strasbourg-le-16-septembre-2025\/","title":{"rendered":"Journ\u00e9es Insee sur l\u2019attractivit\u00e9 territoriale \u00e0 Strasbourg le 16 septembre 2025"},"template":"","meta":{"_acf_changed":false,"_relevanssi_hide_post":"","_relevanssi_hide_content":"","_relevanssi_pin_for_all":"","_relevanssi_pin_keywords":"","_relevanssi_unpin_keywords":"","_relevanssi_related_keywords":"","_relevanssi_related_include_ids":"","_relevanssi_related_exclude_ids":"","_relevanssi_related_no_append":"","_relevanssi_related_not_related":"","_relevanssi_related_posts":"","_relevanssi_noindex_reason":""},"source":[],"thematique_globale":[],"class_list":["post-954","actualite","type-actualite","status-publish","hentry"],"acf":{"glo_image":955,"glo_intro":"","glo_car_surcharge_titre":"","glo_car_surcharge_lien":"","cms_contenus_flexibles":[{"acf_fc_layout":"flex_texte_libre","show_title":false,"titre_de_section":"","contenu":"&nbsp;\r\n\r\nL\u2019Institut national de la statistique et des \u00e9tudes \u00e9conomiques (Insee) vous donne rendez-vous le <strong>mardi 16 septembre 2025 \u00e0 la Cit\u00e9 administrative Gaujot \u00e0 Strasbourg<\/strong> pour la prochaine \u00e9dition des <strong>Journ\u00e9es de l\u2019Insee, consacr\u00e9e \u00e0 \u00ab L\u2019attractivit\u00e9 territoriale \u00bb<\/strong>.\r\n\r\n\u00c0 travers des pr\u00e9sentations, des conf\u00e9rences et une table ronde, cette journ\u00e9e a pour ambition de favoriser le dialogue entre producteurs de donn\u00e9es, d\u00e9cideurs publics, chercheurs, \u00e9tudiants et citoyens sur les dynamiques territoriales et les outils mobilisables pour les analyser. Elle permettra, de fa\u00e7on collective, de d\u00e9crypter les leviers d\u2019attractivit\u00e9 des territoires, notamment via les apports de la statistique publique.\r\n\r\n<strong>Au programme :<\/strong>\r\n<ul>\r\n \t<li>Conf\u00e9rences et pr\u00e9sentations sur les travaux de l\u2019Insee en lien avec l\u2019attractivit\u00e9 des territoires<\/li>\r\n \t<li>Table-ronde avec des intervenants issus de diff\u00e9rentes institutions<\/li>\r\n \t<li>Temps d\u2019\u00e9changes avec les participants<\/li>\r\n \t<li>Valorisation de donn\u00e9es, d\u2019outils et de retours d\u2019exp\u00e9rience<\/li>\r\n<\/ul>\r\n&nbsp;\r\n\r\n\ud83d\udccd Lieu : Cit\u00e9 administrative Gaujot - 14 rue du Mar\u00e9chal Juin, Strasbourg\r\n\ud83d\udd58 Date : Mardi 16 septembre 2025, 9h30 \u00e0 16h45\r\n\ud83d\udcdd Inscription gratuite mais obligatoire : <a href=\"https:\/\/my.weezevent.com\/les-journees-de-linsee\">https:\/\/my.weezevent.com\/les-journees-de-linsee<\/a>\r\n\r\n&nbsp;","couleur_de_fond":"transparent","taille_de_la_zone":"large-content","position_texte":"center","image_de_fond":""}]},"yoast_head":"<!-- This site is optimized with the Yoast SEO plugin v27.4 - https:\/\/yoast.com\/product\/yoast-seo-wordpress\/ -->\n<title>Journ\u00e9es Insee sur l\u2019attractivit\u00e9 territoriale \u00e0 Strasbourg le 16 septembre 2025 - DataGrandEst<\/title>\n<meta name=\"robots\" content=\"index, follow, max-snippet:-1, max-image-preview:large, max-video-preview:-1\" \/>\n<link rel=\"canonical\" href=\"https:\/\/www.datagrandest.fr\/site\/actualite\/journees-insee-sur-lattractivite-territoriale-a-strasbourg-le-16-septembre-2025\/\" \/>\n<meta property=\"og:locale\" content=\"fr_FR\" \/>\n<meta property=\"og:type\" content=\"article\" \/>\n<meta property=\"og:title\" content=\"Journ\u00e9es Insee sur l\u2019attractivit\u00e9 territoriale \u00e0 Strasbourg le 16 septembre 2025 - DataGrandEst\" \/>\n<meta property=\"og:url\" content=\"https:\/\/www.datagrandest.fr\/site\/actualite\/journees-insee-sur-lattractivite-territoriale-a-strasbourg-le-16-septembre-2025\/\" \/>\n<meta property=\"og:site_name\" content=\"DataGrandEst\" \/>\n<meta property=\"article:modified_time\" content=\"2025-11-25T08:59:41+00:00\" \/>\n<meta name=\"twitter:card\" content=\"summary_large_image\" \/>\n<meta name=\"twitter:label1\" content=\"Dur\u00e9e de lecture estim\u00e9e\" \/>\n\t<meta name=\"twitter:data1\" content=\"2 minutes\" \/>\n<script type=\"application\/ld+json\" class=\"yoast-schema-graph\">{\"@context\":\"https:\\\/\\\/schema.org\",\"@graph\":[{\"@type\":\"WebPage\",\"@id\":\"https:\\\/\\\/www.datagrandest.fr\\\/site\\\/actualite\\\/journees-insee-sur-lattractivite-territoriale-a-strasbourg-le-16-septembre-2025\\\/\",\"url\":\"https:\\\/\\\/www.datagrandest.fr\\\/site\\\/actualite\\\/journees-insee-sur-lattractivite-territoriale-a-strasbourg-le-16-septembre-2025\\\/\",\"name\":\"Journ\u00e9es Insee sur l\u2019attractivit\u00e9 territoriale \u00e0 Strasbourg le 16 septembre 2025 - DataGrandEst\",\"isPartOf\":{\"@id\":\"https:\\\/\\\/www.datagrandest.fr\\\/site\\\/#website\"},\"datePublished\":\"2025-06-19T07:18:18+00:00\",\"dateModified\":\"2025-11-25T08:59:41+00:00\",\"breadcrumb\":{\"@id\":\"https:\\\/\\\/www.datagrandest.fr\\\/site\\\/actualite\\\/journees-insee-sur-lattractivite-territoriale-a-strasbourg-le-16-septembre-2025\\\/#breadcrumb\"},\"inLanguage\":\"fr-FR\",\"potentialAction\":[{\"@type\":\"ReadAction\",\"target\":[\"https:\\\/\\\/www.datagrandest.fr\\\/site\\\/actualite\\\/journees-insee-sur-lattractivite-territoriale-a-strasbourg-le-16-septembre-2025\\\/\"]}]},{\"@type\":\"BreadcrumbList\",\"@id\":\"https:\\\/\\\/www.datagrandest.fr\\\/site\\\/actualite\\\/journees-insee-sur-lattractivite-territoriale-a-strasbourg-le-16-septembre-2025\\\/#breadcrumb\",\"itemListElement\":[{\"@type\":\"ListItem\",\"position\":1,\"name\":\"Accueil\",\"item\":\"https:\\\/\\\/www.datagrandest.fr\\\/site\\\/\"},{\"@type\":\"ListItem\",\"position\":2,\"name\":\"Actualit\u00e9s\",\"item\":\"https:\\\/\\\/www.datagrandest.fr\\\/site\\\/actualite\\\/\"},{\"@type\":\"ListItem\",\"position\":3,\"name\":\"Journ\u00e9es Insee sur l\u2019attractivit\u00e9 territoriale \u00e0 Strasbourg le 16 septembre 2025\"}]},{\"@type\":\"WebSite\",\"@id\":\"https:\\\/\\\/www.datagrandest.fr\\\/site\\\/#website\",\"url\":\"https:\\\/\\\/www.datagrandest.fr\\\/site\\\/\",\"name\":\"DataGrandEst\",\"description\":\"\",\"potentialAction\":[{\"@type\":\"SearchAction\",\"target\":{\"@type\":\"EntryPoint\",\"urlTemplate\":\"https:\\\/\\\/www.datagrandest.fr\\\/site\\\/?s={search_term_string}\"},\"query-input\":{\"@type\":\"PropertyValueSpecification\",\"valueRequired\":true,\"valueName\":\"search_term_string\"}}],\"inLanguage\":\"fr-FR\"}]}<\/script>\n<!-- \/ Yoast SEO plugin. -->","yoast_head_json":{"title":"Journ\u00e9es Insee sur l\u2019attractivit\u00e9 territoriale \u00e0 Strasbourg le 16 septembre 2025 - DataGrandEst","robots":{"index":"index","follow":"follow","max-snippet":"max-snippet:-1","max-image-preview":"max-image-preview:large","max-video-preview":"max-video-preview:-1"},"canonical":"https:\/\/www.datagrandest.fr\/site\/actualite\/journees-insee-sur-lattractivite-territoriale-a-strasbourg-le-16-septembre-2025\/","og_locale":"fr_FR","og_type":"article","og_title":"Journ\u00e9es Insee sur l\u2019attractivit\u00e9 territoriale \u00e0 Strasbourg le 16 septembre 2025 - DataGrandEst","og_url":"https:\/\/www.datagrandest.fr\/site\/actualite\/journees-insee-sur-lattractivite-territoriale-a-strasbourg-le-16-septembre-2025\/","og_site_name":"DataGrandEst","article_modified_time":"2025-11-25T08:59:41+00:00","twitter_card":"summary_large_image","twitter_misc":{"Dur\u00e9e de lecture estim\u00e9e":"2 minutes"},"schema":{"@context":"https:\/\/schema.org","@graph":[{"@type":"WebPage","@id":"https:\/\/www.datagrandest.fr\/site\/actualite\/journees-insee-sur-lattractivite-territoriale-a-strasbourg-le-16-septembre-2025\/","url":"https:\/\/www.datagrandest.fr\/site\/actualite\/journees-insee-sur-lattractivite-territoriale-a-strasbourg-le-16-septembre-2025\/","name":"Journ\u00e9es Insee sur l\u2019attractivit\u00e9 territoriale \u00e0 Strasbourg le 16 septembre 2025 - DataGrandEst","isPartOf":{"@id":"https:\/\/www.datagrandest.fr\/site\/#website"},"datePublished":"2025-06-19T07:18:18+00:00","dateModified":"2025-11-25T08:59:41+00:00","breadcrumb":{"@id":"https:\/\/www.datagrandest.fr\/site\/actualite\/journees-insee-sur-lattractivite-territoriale-a-strasbourg-le-16-septembre-2025\/#breadcrumb"},"inLanguage":"fr-FR","potentialAction":[{"@type":"ReadAction","target":["https:\/\/www.datagrandest.fr\/site\/actualite\/journees-insee-sur-lattractivite-territoriale-a-strasbourg-le-16-septembre-2025\/"]}]},{"@type":"BreadcrumbList","@id":"https:\/\/www.datagrandest.fr\/site\/actualite\/journees-insee-sur-lattractivite-territoriale-a-strasbourg-le-16-septembre-2025\/#breadcrumb","itemListElement":[{"@type":"ListItem","position":1,"name":"Accueil","item":"https:\/\/www.datagrandest.fr\/site\/"},{"@type":"ListItem","position":2,"name":"Actualit\u00e9s","item":"https:\/\/www.datagrandest.fr\/site\/actualite\/"},{"@type":"ListItem","position":3,"name":"Journ\u00e9es Insee sur l\u2019attractivit\u00e9 territoriale \u00e0 Strasbourg le 16 septembre 2025"}]},{"@type":"WebSite","@id":"https:\/\/www.datagrandest.fr\/site\/#website","url":"https:\/\/www.datagrandest.fr\/site\/","name":"DataGrandEst","description":"","potentialAction":[{"@type":"SearchAction","target":{"@type":"EntryPoint","urlTemplate":"https:\/\/www.datagrandest.fr\/site\/?s={search_term_string}"},"query-input":{"@type":"PropertyValueSpecification","valueRequired":true,"valueName":"search_term_string"}}],"inLanguage":"fr-FR"}]}},"_links":{"self":[{"href":"https:\/\/www.datagrandest.fr\/site\/wp-json\/wp\/v2\/actualite\/954","targetHints":{"allow":["GET"]}}],"collection":[{"href":"https:\/\/www.datagrandest.fr\/site\/wp-json\/wp\/v2\/actualite"}],"about":[{"href":"https:\/\/www.datagrandest.fr\/site\/wp-json\/wp\/v2\/types\/actualite"}],"version-history":[{"count":2,"href":"https:\/\/www.datagrandest.fr\/site\/wp-json\/wp\/v2\/actualite\/954\/revisions"}],"predecessor-version":[{"id":2573,"href":"https:\/\/www.datagrandest.fr\/site\/wp-json\/wp\/v2\/actualite\/954\/revisions\/2573"}],"wp:attachment":[{"href":"https:\/\/www.datagrandest.fr\/site\/wp-json\/wp\/v2\/media?parent=954"}],"wp:term":[{"taxonomy":"source","embeddable":true,"href":"https:\/\/www.datagrandest.fr\/site\/wp-json\/wp\/v2\/source?post=954"},{"taxonomy":"thematique_globale","embeddable":true,"href":"https:\/\/www.datagrandest.fr\/site\/wp-json\/wp\/v2\/thematique_globale?post=954"}],"curies":[{"name":"wp","href":"https:\/\/api.w.org\/{rel}","templated":true}]}}