{"id":957,"date":"2025-05-07T08:23:26","date_gmt":"2025-05-07T06:23:26","guid":{"rendered":"https:\/\/dev.datagrandest.fr\/site\/actualite\/le-pcrs-les-dernieres-nouvelles-du-projet-en-grand-est\/"},"modified":"2025-11-25T09:58:31","modified_gmt":"2025-11-25T08:58:31","slug":"le-pcrs-les-dernieres-nouvelles-du-projet-en-grand-est","status":"publish","type":"actualite","link":"https:\/\/www.datagrandest.fr\/site\/actualite\/le-pcrs-les-dernieres-nouvelles-du-projet-en-grand-est\/","title":{"rendered":"Le PCRS : Les derni\u00e8res nouvelles du projet en Grand Est"},"template":"","meta":{"_acf_changed":false,"_relevanssi_hide_post":"","_relevanssi_hide_content":"","_relevanssi_pin_for_all":"","_relevanssi_pin_keywords":"","_relevanssi_unpin_keywords":"","_relevanssi_related_keywords":"","_relevanssi_related_include_ids":"","_relevanssi_related_exclude_ids":"","_relevanssi_related_no_append":"","_relevanssi_related_not_related":"","_relevanssi_related_posts":"","_relevanssi_noindex_reason":""},"source":[],"thematique_globale":[],"class_list":["post-957","actualite","type-actualite","status-publish","hentry"],"acf":{"glo_image":958,"glo_intro":"","glo_car_surcharge_titre":"","glo_car_surcharge_lien":"","cms_contenus_flexibles":[{"acf_fc_layout":"flex_texte_libre","show_title":false,"titre_de_section":"","contenu":"&nbsp;\r\n<h4>Ardennes : Une avanc\u00e9e significative vers la finalisation du PCRS<\/h4>\r\n<p dir=\"auto\">Dans les Ardennes, les contr\u00f4les sur la zone Sud sont d\u00e9sormais termin\u00e9s, et les corrections sont activement en cours.\u00a0Les responsables du projet pr\u00e9voient que le PCRS des Ardennes sera enti\u00e8rement charg\u00e9 d'ici la fin du mois de juin.<\/p>\r\n\r\n<h4>Marne : Un chargement en cours et des mises \u00e0 jour pr\u00e9vues<\/h4>\r\n<p dir=\"auto\">Dans la Marne, le chargement du PCRS est actuellement en cours et devrait se terminer mi-mai. Une d\u00e9cision strat\u00e9gique a \u00e9t\u00e9 prise de recharger l'int\u00e9gralit\u00e9 des donn\u00e9es, facilitant ainsi l'int\u00e9gration des mises \u00e0 jour de 2023.<\/p>\r\n<p dir=\"auto\"><\/p>\r\n\r\n<h4>Bas-Rhin et Haut-Rhin : Sensibilisation et planification des mises \u00e0 jour<\/h4>\r\n<p dir=\"auto\">Le 10 mars a eu lieu la premi\u00e8re r\u00e9union avec la Collectivit\u00e9 Europ\u00e9enne d'Alsace (CEA) pour souligner l'importance du projet PCRS. Cette rencontre marque le d\u00e9but d'une collaboration visant \u00e0 sensibiliser et \u00e0 impliquer davantage les acteurs locaux dans ce projet d'envergure.<\/p>\r\n<p dir=\"auto\"><\/p>\r\n<p dir=\"auto\">Ces avanc\u00e9es t\u00e9moignent de l'engagement des diff\u00e9rents acteurs du Grand Est \u00e0 moderniser et \u00e0 optimiser leurs infrastructures gr\u00e2ce au projet PCRS.<\/p>\r\n&nbsp;\r\n\r\nEn cas de doutes ou de questions, n'h\u00e9sitez pas \u00e0 <a href=\"\/site\/fr\/form\/contactez-nous\">nous contacter<\/a>.\r\n\r\n&nbsp;","couleur_de_fond":"transparent","taille_de_la_zone":"large-content","position_texte":"center","image_de_fond":""}]},"yoast_head":"<!-- This site is optimized with the Yoast SEO plugin v27.4 - https:\/\/yoast.com\/product\/yoast-seo-wordpress\/ -->\n<title>Le PCRS : Les derni\u00e8res nouvelles du projet en Grand Est - DataGrandEst<\/title>\n<meta name=\"robots\" content=\"index, follow, max-snippet:-1, max-image-preview:large, max-video-preview:-1\" \/>\n<link rel=\"canonical\" href=\"https:\/\/www.datagrandest.fr\/site\/actualite\/le-pcrs-les-dernieres-nouvelles-du-projet-en-grand-est\/\" \/>\n<meta property=\"og:locale\" content=\"fr_FR\" \/>\n<meta property=\"og:type\" content=\"article\" \/>\n<meta property=\"og:title\" content=\"Le PCRS : Les derni\u00e8res nouvelles du projet en Grand Est - DataGrandEst\" \/>\n<meta property=\"og:url\" content=\"https:\/\/www.datagrandest.fr\/site\/actualite\/le-pcrs-les-dernieres-nouvelles-du-projet-en-grand-est\/\" \/>\n<meta property=\"og:site_name\" content=\"DataGrandEst\" \/>\n<meta property=\"article:modified_time\" content=\"2025-11-25T08:58:31+00:00\" \/>\n<meta name=\"twitter:card\" content=\"summary_large_image\" \/>\n<meta name=\"twitter:label1\" content=\"Dur\u00e9e de lecture estim\u00e9e\" \/>\n\t<meta name=\"twitter:data1\" content=\"2 minutes\" \/>\n<script type=\"application\/ld+json\" class=\"yoast-schema-graph\">{\"@context\":\"https:\\\/\\\/schema.org\",\"@graph\":[{\"@type\":\"WebPage\",\"@id\":\"https:\\\/\\\/www.datagrandest.fr\\\/site\\\/actualite\\\/le-pcrs-les-dernieres-nouvelles-du-projet-en-grand-est\\\/\",\"url\":\"https:\\\/\\\/www.datagrandest.fr\\\/site\\\/actualite\\\/le-pcrs-les-dernieres-nouvelles-du-projet-en-grand-est\\\/\",\"name\":\"Le PCRS : Les derni\u00e8res nouvelles du projet en Grand Est - DataGrandEst\",\"isPartOf\":{\"@id\":\"https:\\\/\\\/www.datagrandest.fr\\\/site\\\/#website\"},\"datePublished\":\"2025-05-07T06:23:26+00:00\",\"dateModified\":\"2025-11-25T08:58:31+00:00\",\"breadcrumb\":{\"@id\":\"https:\\\/\\\/www.datagrandest.fr\\\/site\\\/actualite\\\/le-pcrs-les-dernieres-nouvelles-du-projet-en-grand-est\\\/#breadcrumb\"},\"inLanguage\":\"fr-FR\",\"potentialAction\":[{\"@type\":\"ReadAction\",\"target\":[\"https:\\\/\\\/www.datagrandest.fr\\\/site\\\/actualite\\\/le-pcrs-les-dernieres-nouvelles-du-projet-en-grand-est\\\/\"]}]},{\"@type\":\"BreadcrumbList\",\"@id\":\"https:\\\/\\\/www.datagrandest.fr\\\/site\\\/actualite\\\/le-pcrs-les-dernieres-nouvelles-du-projet-en-grand-est\\\/#breadcrumb\",\"itemListElement\":[{\"@type\":\"ListItem\",\"position\":1,\"name\":\"Accueil\",\"item\":\"https:\\\/\\\/www.datagrandest.fr\\\/site\\\/\"},{\"@type\":\"ListItem\",\"position\":2,\"name\":\"Actualit\u00e9s\",\"item\":\"https:\\\/\\\/www.datagrandest.fr\\\/site\\\/actualite\\\/\"},{\"@type\":\"ListItem\",\"position\":3,\"name\":\"Le PCRS : Les derni\u00e8res nouvelles du projet en Grand Est\"}]},{\"@type\":\"WebSite\",\"@id\":\"https:\\\/\\\/www.datagrandest.fr\\\/site\\\/#website\",\"url\":\"https:\\\/\\\/www.datagrandest.fr\\\/site\\\/\",\"name\":\"DataGrandEst\",\"description\":\"\",\"potentialAction\":[{\"@type\":\"SearchAction\",\"target\":{\"@type\":\"EntryPoint\",\"urlTemplate\":\"https:\\\/\\\/www.datagrandest.fr\\\/site\\\/?s={search_term_string}\"},\"query-input\":{\"@type\":\"PropertyValueSpecification\",\"valueRequired\":true,\"valueName\":\"search_term_string\"}}],\"inLanguage\":\"fr-FR\"}]}<\/script>\n<!-- \/ Yoast SEO plugin. -->","yoast_head_json":{"title":"Le PCRS : Les derni\u00e8res nouvelles du projet en Grand Est - DataGrandEst","robots":{"index":"index","follow":"follow","max-snippet":"max-snippet:-1","max-image-preview":"max-image-preview:large","max-video-preview":"max-video-preview:-1"},"canonical":"https:\/\/www.datagrandest.fr\/site\/actualite\/le-pcrs-les-dernieres-nouvelles-du-projet-en-grand-est\/","og_locale":"fr_FR","og_type":"article","og_title":"Le PCRS : Les derni\u00e8res nouvelles du projet en Grand Est - DataGrandEst","og_url":"https:\/\/www.datagrandest.fr\/site\/actualite\/le-pcrs-les-dernieres-nouvelles-du-projet-en-grand-est\/","og_site_name":"DataGrandEst","article_modified_time":"2025-11-25T08:58:31+00:00","twitter_card":"summary_large_image","twitter_misc":{"Dur\u00e9e de lecture estim\u00e9e":"2 minutes"},"schema":{"@context":"https:\/\/schema.org","@graph":[{"@type":"WebPage","@id":"https:\/\/www.datagrandest.fr\/site\/actualite\/le-pcrs-les-dernieres-nouvelles-du-projet-en-grand-est\/","url":"https:\/\/www.datagrandest.fr\/site\/actualite\/le-pcrs-les-dernieres-nouvelles-du-projet-en-grand-est\/","name":"Le PCRS : Les derni\u00e8res nouvelles du projet en Grand Est - DataGrandEst","isPartOf":{"@id":"https:\/\/www.datagrandest.fr\/site\/#website"},"datePublished":"2025-05-07T06:23:26+00:00","dateModified":"2025-11-25T08:58:31+00:00","breadcrumb":{"@id":"https:\/\/www.datagrandest.fr\/site\/actualite\/le-pcrs-les-dernieres-nouvelles-du-projet-en-grand-est\/#breadcrumb"},"inLanguage":"fr-FR","potentialAction":[{"@type":"ReadAction","target":["https:\/\/www.datagrandest.fr\/site\/actualite\/le-pcrs-les-dernieres-nouvelles-du-projet-en-grand-est\/"]}]},{"@type":"BreadcrumbList","@id":"https:\/\/www.datagrandest.fr\/site\/actualite\/le-pcrs-les-dernieres-nouvelles-du-projet-en-grand-est\/#breadcrumb","itemListElement":[{"@type":"ListItem","position":1,"name":"Accueil","item":"https:\/\/www.datagrandest.fr\/site\/"},{"@type":"ListItem","position":2,"name":"Actualit\u00e9s","item":"https:\/\/www.datagrandest.fr\/site\/actualite\/"},{"@type":"ListItem","position":3,"name":"Le PCRS : Les derni\u00e8res nouvelles du projet en Grand Est"}]},{"@type":"WebSite","@id":"https:\/\/www.datagrandest.fr\/site\/#website","url":"https:\/\/www.datagrandest.fr\/site\/","name":"DataGrandEst","description":"","potentialAction":[{"@type":"SearchAction","target":{"@type":"EntryPoint","urlTemplate":"https:\/\/www.datagrandest.fr\/site\/?s={search_term_string}"},"query-input":{"@type":"PropertyValueSpecification","valueRequired":true,"valueName":"search_term_string"}}],"inLanguage":"fr-FR"}]}},"_links":{"self":[{"href":"https:\/\/www.datagrandest.fr\/site\/wp-json\/wp\/v2\/actualite\/957","targetHints":{"allow":["GET"]}}],"collection":[{"href":"https:\/\/www.datagrandest.fr\/site\/wp-json\/wp\/v2\/actualite"}],"about":[{"href":"https:\/\/www.datagrandest.fr\/site\/wp-json\/wp\/v2\/types\/actualite"}],"version-history":[{"count":2,"href":"https:\/\/www.datagrandest.fr\/site\/wp-json\/wp\/v2\/actualite\/957\/revisions"}],"predecessor-version":[{"id":2572,"href":"https:\/\/www.datagrandest.fr\/site\/wp-json\/wp\/v2\/actualite\/957\/revisions\/2572"}],"wp:attachment":[{"href":"https:\/\/www.datagrandest.fr\/site\/wp-json\/wp\/v2\/media?parent=957"}],"wp:term":[{"taxonomy":"source","embeddable":true,"href":"https:\/\/www.datagrandest.fr\/site\/wp-json\/wp\/v2\/source?post=957"},{"taxonomy":"thematique_globale","embeddable":true,"href":"https:\/\/www.datagrandest.fr\/site\/wp-json\/wp\/v2\/thematique_globale?post=957"}],"curies":[{"name":"wp","href":"https:\/\/api.w.org\/{rel}","templated":true}]}}