{"id":984,"date":"2025-03-05T04:28:22","date_gmt":"2025-03-05T03:28:22","guid":{"rendered":"https:\/\/dev.datagrandest.fr\/site\/actualite\/retour-sur-le-webinaire-tendances-et-chiffres-cles-en-region-grand-est-tour-dhorizon-propose-par-linsee\/"},"modified":"2025-11-25T10:12:45","modified_gmt":"2025-11-25T09:12:45","slug":"retour-sur-le-webinaire-tendances-et-chiffres-cles-en-region-grand-est-tour-dhorizon-propose-par-linsee","status":"publish","type":"actualite","link":"https:\/\/www.datagrandest.fr\/site\/actualite\/retour-sur-le-webinaire-tendances-et-chiffres-cles-en-region-grand-est-tour-dhorizon-propose-par-linsee\/","title":{"rendered":"Retour sur le webinaire \u00ab Tendances et chiffres cl\u00e9s en r\u00e9gion Grand Est : tour d&rsquo;horizon propos\u00e9 par l&rsquo;Insee \u00bb"},"template":"","meta":{"_acf_changed":false,"_relevanssi_hide_post":"","_relevanssi_hide_content":"","_relevanssi_pin_for_all":"","_relevanssi_pin_keywords":"","_relevanssi_unpin_keywords":"","_relevanssi_related_keywords":"","_relevanssi_related_include_ids":"","_relevanssi_related_exclude_ids":"","_relevanssi_related_no_append":"","_relevanssi_related_not_related":"","_relevanssi_related_posts":"","_relevanssi_noindex_reason":""},"source":[24],"thematique_globale":[63,64],"class_list":["post-984","actualite","type-actualite","status-publish","hentry","source-datagrandest","thematique_globale-webinaire","thematique_globale-insee"],"acf":{"glo_image":985,"glo_intro":"","glo_car_surcharge_titre":"","glo_car_surcharge_lien":"","cms_contenus_flexibles":[{"acf_fc_layout":"flex_texte_libre","show_title":false,"titre_de_section":"","contenu":"Chaque ann\u00e9e, l\u2019Insee Grand Est anime \u00e0 la R\u00e9gion une visioconf\u00e9rence r\u00e9sumant ses derniers travaux d\u2019analyse socio-\u00e9conomique. Nouveaut\u00e9 2025 : cette conf\u00e9rence a \u00e9t\u00e9 diffus\u00e9e sur Internet, en direct le 6 f\u00e9vrier, lors d\u2019un webinaire DataGrandEst interactif. Vous pouvez d\u00e9sormais le (re)visionner, avec l\u2019ensemble des questions et des r\u00e9ponses apport\u00e9es.\r\n\r\nAu sommaire de cet \u00e9v\u00e8nement exceptionnel :\r\n<ul>\r\n \t<li>Les derni\u00e8res \u00e9volutions d\u00e9mographiques : la population du Grand Est stagne entre 2016 et 2022<\/li>\r\n \t<li>La s\u00e9gr\u00e9gation territoriale mesur\u00e9e \u00e0 partir du revenu : rural et urbain se diff\u00e9rencient de plus en plus<\/li>\r\n \t<li>Les m\u00e9nages agricoles du Grand Est : des revenus \u00e9lev\u00e9s qui masquent les in\u00e9galit\u00e9s<\/li>\r\n \t<li>Analyse sectorielle : quelles sont les sp\u00e9cificit\u00e9s, forces et faiblesses des territoires du Grand Est ?<\/li>\r\n<\/ul>\r\nEn bonus de ce webinaire de 1 h 30 : comment acc\u00e9der aux donn\u00e9es qui sont derri\u00e8re toutes ces \u00e9tudes ? L\u2019occasion de d\u00e9couvrir que l'Insee modernise son offre de donn\u00e9es avec un tout nouveau catalogue centralis\u00e9 (MELODI), des formats de mise \u00e0 disposition novateurs (parquet) et des API plus flexibles.\r\n\r\n<em>Ressources :<\/em>\r\n\u00f0 <a href=\"\/site\/fr\/ressources\/tendances-et-chiffres-cles-en-region-grand-est-tour-dhorizon-propose-par-linsee\">Acc\u00e9der aux vid\u00e9os et \u00e0 toutes les questions\/r\u00e9ponses<\/a>\r\n\r\n&nbsp;","couleur_de_fond":"transparent","taille_de_la_zone":"large-content","position_texte":"center","image_de_fond":""}]},"yoast_head":"<!-- This site is optimized with the Yoast SEO plugin v27.4 - https:\/\/yoast.com\/product\/yoast-seo-wordpress\/ -->\n<title>Retour sur le webinaire \u00ab Tendances et chiffres cl\u00e9s en r\u00e9gion Grand Est : tour d&#039;horizon propos\u00e9 par l&#039;Insee \u00bb - DataGrandEst<\/title>\n<meta name=\"robots\" content=\"index, follow, max-snippet:-1, max-image-preview:large, max-video-preview:-1\" \/>\n<link rel=\"canonical\" href=\"https:\/\/www.datagrandest.fr\/site\/actualite\/retour-sur-le-webinaire-tendances-et-chiffres-cles-en-region-grand-est-tour-dhorizon-propose-par-linsee\/\" \/>\n<meta property=\"og:locale\" content=\"fr_FR\" \/>\n<meta property=\"og:type\" content=\"article\" \/>\n<meta property=\"og:title\" content=\"Retour sur le webinaire \u00ab Tendances et chiffres cl\u00e9s en r\u00e9gion Grand Est : tour d&#039;horizon propos\u00e9 par l&#039;Insee \u00bb - DataGrandEst\" \/>\n<meta property=\"og:url\" content=\"https:\/\/www.datagrandest.fr\/site\/actualite\/retour-sur-le-webinaire-tendances-et-chiffres-cles-en-region-grand-est-tour-dhorizon-propose-par-linsee\/\" \/>\n<meta property=\"og:site_name\" content=\"DataGrandEst\" \/>\n<meta property=\"article:modified_time\" content=\"2025-11-25T09:12:45+00:00\" \/>\n<meta name=\"twitter:card\" content=\"summary_large_image\" \/>\n<meta name=\"twitter:label1\" content=\"Dur\u00e9e de lecture estim\u00e9e\" \/>\n\t<meta name=\"twitter:data1\" content=\"2 minutes\" \/>\n<script type=\"application\/ld+json\" class=\"yoast-schema-graph\">{\"@context\":\"https:\\\/\\\/schema.org\",\"@graph\":[{\"@type\":\"WebPage\",\"@id\":\"https:\\\/\\\/www.datagrandest.fr\\\/site\\\/actualite\\\/retour-sur-le-webinaire-tendances-et-chiffres-cles-en-region-grand-est-tour-dhorizon-propose-par-linsee\\\/\",\"url\":\"https:\\\/\\\/www.datagrandest.fr\\\/site\\\/actualite\\\/retour-sur-le-webinaire-tendances-et-chiffres-cles-en-region-grand-est-tour-dhorizon-propose-par-linsee\\\/\",\"name\":\"Retour sur le webinaire \u00ab Tendances et chiffres cl\u00e9s en r\u00e9gion Grand Est : tour d'horizon propos\u00e9 par l'Insee \u00bb - DataGrandEst\",\"isPartOf\":{\"@id\":\"https:\\\/\\\/www.datagrandest.fr\\\/site\\\/#website\"},\"datePublished\":\"2025-03-05T03:28:22+00:00\",\"dateModified\":\"2025-11-25T09:12:45+00:00\",\"breadcrumb\":{\"@id\":\"https:\\\/\\\/www.datagrandest.fr\\\/site\\\/actualite\\\/retour-sur-le-webinaire-tendances-et-chiffres-cles-en-region-grand-est-tour-dhorizon-propose-par-linsee\\\/#breadcrumb\"},\"inLanguage\":\"fr-FR\",\"potentialAction\":[{\"@type\":\"ReadAction\",\"target\":[\"https:\\\/\\\/www.datagrandest.fr\\\/site\\\/actualite\\\/retour-sur-le-webinaire-tendances-et-chiffres-cles-en-region-grand-est-tour-dhorizon-propose-par-linsee\\\/\"]}]},{\"@type\":\"BreadcrumbList\",\"@id\":\"https:\\\/\\\/www.datagrandest.fr\\\/site\\\/actualite\\\/retour-sur-le-webinaire-tendances-et-chiffres-cles-en-region-grand-est-tour-dhorizon-propose-par-linsee\\\/#breadcrumb\",\"itemListElement\":[{\"@type\":\"ListItem\",\"position\":1,\"name\":\"Accueil\",\"item\":\"https:\\\/\\\/www.datagrandest.fr\\\/site\\\/\"},{\"@type\":\"ListItem\",\"position\":2,\"name\":\"Actualit\u00e9s\",\"item\":\"https:\\\/\\\/www.datagrandest.fr\\\/site\\\/actualite\\\/\"},{\"@type\":\"ListItem\",\"position\":3,\"name\":\"Retour sur le webinaire \u00ab Tendances et chiffres cl\u00e9s en r\u00e9gion Grand Est : tour d&rsquo;horizon propos\u00e9 par l&rsquo;Insee \u00bb\"}]},{\"@type\":\"WebSite\",\"@id\":\"https:\\\/\\\/www.datagrandest.fr\\\/site\\\/#website\",\"url\":\"https:\\\/\\\/www.datagrandest.fr\\\/site\\\/\",\"name\":\"DataGrandEst\",\"description\":\"\",\"potentialAction\":[{\"@type\":\"SearchAction\",\"target\":{\"@type\":\"EntryPoint\",\"urlTemplate\":\"https:\\\/\\\/www.datagrandest.fr\\\/site\\\/?s={search_term_string}\"},\"query-input\":{\"@type\":\"PropertyValueSpecification\",\"valueRequired\":true,\"valueName\":\"search_term_string\"}}],\"inLanguage\":\"fr-FR\"}]}<\/script>\n<!-- \/ Yoast SEO plugin. -->","yoast_head_json":{"title":"Retour sur le webinaire \u00ab Tendances et chiffres cl\u00e9s en r\u00e9gion Grand Est : tour d'horizon propos\u00e9 par l'Insee \u00bb - DataGrandEst","robots":{"index":"index","follow":"follow","max-snippet":"max-snippet:-1","max-image-preview":"max-image-preview:large","max-video-preview":"max-video-preview:-1"},"canonical":"https:\/\/www.datagrandest.fr\/site\/actualite\/retour-sur-le-webinaire-tendances-et-chiffres-cles-en-region-grand-est-tour-dhorizon-propose-par-linsee\/","og_locale":"fr_FR","og_type":"article","og_title":"Retour sur le webinaire \u00ab Tendances et chiffres cl\u00e9s en r\u00e9gion Grand Est : tour d'horizon propos\u00e9 par l'Insee \u00bb - DataGrandEst","og_url":"https:\/\/www.datagrandest.fr\/site\/actualite\/retour-sur-le-webinaire-tendances-et-chiffres-cles-en-region-grand-est-tour-dhorizon-propose-par-linsee\/","og_site_name":"DataGrandEst","article_modified_time":"2025-11-25T09:12:45+00:00","twitter_card":"summary_large_image","twitter_misc":{"Dur\u00e9e de lecture estim\u00e9e":"2 minutes"},"schema":{"@context":"https:\/\/schema.org","@graph":[{"@type":"WebPage","@id":"https:\/\/www.datagrandest.fr\/site\/actualite\/retour-sur-le-webinaire-tendances-et-chiffres-cles-en-region-grand-est-tour-dhorizon-propose-par-linsee\/","url":"https:\/\/www.datagrandest.fr\/site\/actualite\/retour-sur-le-webinaire-tendances-et-chiffres-cles-en-region-grand-est-tour-dhorizon-propose-par-linsee\/","name":"Retour sur le webinaire \u00ab Tendances et chiffres cl\u00e9s en r\u00e9gion Grand Est : tour d'horizon propos\u00e9 par l'Insee \u00bb - DataGrandEst","isPartOf":{"@id":"https:\/\/www.datagrandest.fr\/site\/#website"},"datePublished":"2025-03-05T03:28:22+00:00","dateModified":"2025-11-25T09:12:45+00:00","breadcrumb":{"@id":"https:\/\/www.datagrandest.fr\/site\/actualite\/retour-sur-le-webinaire-tendances-et-chiffres-cles-en-region-grand-est-tour-dhorizon-propose-par-linsee\/#breadcrumb"},"inLanguage":"fr-FR","potentialAction":[{"@type":"ReadAction","target":["https:\/\/www.datagrandest.fr\/site\/actualite\/retour-sur-le-webinaire-tendances-et-chiffres-cles-en-region-grand-est-tour-dhorizon-propose-par-linsee\/"]}]},{"@type":"BreadcrumbList","@id":"https:\/\/www.datagrandest.fr\/site\/actualite\/retour-sur-le-webinaire-tendances-et-chiffres-cles-en-region-grand-est-tour-dhorizon-propose-par-linsee\/#breadcrumb","itemListElement":[{"@type":"ListItem","position":1,"name":"Accueil","item":"https:\/\/www.datagrandest.fr\/site\/"},{"@type":"ListItem","position":2,"name":"Actualit\u00e9s","item":"https:\/\/www.datagrandest.fr\/site\/actualite\/"},{"@type":"ListItem","position":3,"name":"Retour sur le webinaire \u00ab Tendances et chiffres cl\u00e9s en r\u00e9gion Grand Est : tour d&rsquo;horizon propos\u00e9 par l&rsquo;Insee \u00bb"}]},{"@type":"WebSite","@id":"https:\/\/www.datagrandest.fr\/site\/#website","url":"https:\/\/www.datagrandest.fr\/site\/","name":"DataGrandEst","description":"","potentialAction":[{"@type":"SearchAction","target":{"@type":"EntryPoint","urlTemplate":"https:\/\/www.datagrandest.fr\/site\/?s={search_term_string}"},"query-input":{"@type":"PropertyValueSpecification","valueRequired":true,"valueName":"search_term_string"}}],"inLanguage":"fr-FR"}]}},"_links":{"self":[{"href":"https:\/\/www.datagrandest.fr\/site\/wp-json\/wp\/v2\/actualite\/984","targetHints":{"allow":["GET"]}}],"collection":[{"href":"https:\/\/www.datagrandest.fr\/site\/wp-json\/wp\/v2\/actualite"}],"about":[{"href":"https:\/\/www.datagrandest.fr\/site\/wp-json\/wp\/v2\/types\/actualite"}],"version-history":[{"count":2,"href":"https:\/\/www.datagrandest.fr\/site\/wp-json\/wp\/v2\/actualite\/984\/revisions"}],"predecessor-version":[{"id":2584,"href":"https:\/\/www.datagrandest.fr\/site\/wp-json\/wp\/v2\/actualite\/984\/revisions\/2584"}],"wp:attachment":[{"href":"https:\/\/www.datagrandest.fr\/site\/wp-json\/wp\/v2\/media?parent=984"}],"wp:term":[{"taxonomy":"source","embeddable":true,"href":"https:\/\/www.datagrandest.fr\/site\/wp-json\/wp\/v2\/source?post=984"},{"taxonomy":"thematique_globale","embeddable":true,"href":"https:\/\/www.datagrandest.fr\/site\/wp-json\/wp\/v2\/thematique_globale?post=984"}],"curies":[{"name":"wp","href":"https:\/\/api.w.org\/{rel}","templated":true}]}}