{"id":999,"date":"2024-12-18T07:47:20","date_gmt":"2024-12-18T06:47:20","guid":{"rendered":"https:\/\/dev.datagrandest.fr\/site\/actualite\/programme-danimation-datagrandest-2025\/"},"modified":"2026-04-22T14:16:49","modified_gmt":"2026-04-22T12:16:49","slug":"programme-danimation-datagrandest-2025","status":"publish","type":"actualite","link":"https:\/\/www.datagrandest.fr\/site\/actualite\/programme-danimation-datagrandest-2025\/","title":{"rendered":"Programme d&rsquo;animation DataGrandEst 2025"},"template":"","meta":{"_acf_changed":false,"_relevanssi_hide_post":"","_relevanssi_hide_content":"","_relevanssi_pin_for_all":"","_relevanssi_pin_keywords":"","_relevanssi_unpin_keywords":"","_relevanssi_related_keywords":"","_relevanssi_related_include_ids":"","_relevanssi_related_exclude_ids":"","_relevanssi_related_no_append":"","_relevanssi_related_not_related":"","_relevanssi_related_posts":"","_relevanssi_noindex_reason":""},"source":[24],"thematique_globale":[67,68],"class_list":["post-999","actualite","type-actualite","status-publish","hentry","source-datagrandest","thematique_globale-programme-2025","thematique_globale-animation"],"acf":{"glo_image":1000,"glo_intro":"","glo_car_surcharge_titre":"","glo_car_surcharge_lien":"","cms_contenus_flexibles":[{"acf_fc_layout":"flex_texte_libre","show_title":false,"titre_de_section":"","contenu":"<h3>Programme 2025<\/h3>\r\n&nbsp;\r\n<table>\r\n<tbody>\r\n<tr>\r\n<th colspan=\"2\">JANVIER<\/th>\r\n<\/tr>\r\n<tr>\r\n<td>\r\n<p style=\"text-align: center;\">9 janvier<\/p>\r\n<\/td>\r\n<td><a href=\"\/site\/fr\/ressources\/dessous-projets-gagnants-du-concours-datavisualisation-datagrandest-0\">Webinaire : les laur\u00e9ats du concours de dataviz 2024<\/a>\u00a0- visio<\/td>\r\n<\/tr>\r\n<tr>\r\n<td>\r\n<p style=\"text-align: center;\">31 janvier<\/p>\r\n<\/td>\r\n<td><a href=\"\/site\/fr\/agenda\/webinaire-explorez-donnees-sante-du-grand-est-tableau-bord-pour-decideurs\">Webinaire : Explorez les donn\u00e9es de sant\u00e9 du Grand Est : un tableau de bord pour les d\u00e9cideurs<\/a>\u00a0- visio<\/td>\r\n<\/tr>\r\n<tr>\r\n<th colspan=\"2\">F\u00c9VRIER<\/th>\r\n<\/tr>\r\n<tr>\r\n<td>\r\n<p style=\"text-align: center;\">4 f\u00e9vrier<\/p>\r\n<\/td>\r\n<td><a href=\"\/site\/fr\/agenda\/journee-departementale-donnee-dans-laube-0\">Journ\u00e9e d\u00e9partementale de la donn\u00e9e de l'Aube<\/a> - UTT de Troyes<\/td>\r\n<\/tr>\r\n<tr>\r\n<td>\r\n<p style=\"text-align: center;\">6 f\u00e9vrier<\/p>\r\n<\/td>\r\n<td><a href=\"\/site\/fr\/agenda\/webinaire-nouveaute-2025-donnees-linsee\">Webinaire - Tendances et chiffres cl\u00e9s en r\u00e9gion Grand Est : tour d'horizon propos\u00e9 par l'INSEE<\/a> - visio<\/td>\r\n<\/tr>\r\n<tr>\r\n<th colspan=\"2\">MARS<\/th>\r\n<\/tr>\r\n<tr>\r\n<td>\r\n<p style=\"text-align: center;\">4 mars\r\n<em>(date modifi\u00e9e)<\/em><\/p>\r\n<\/td>\r\n<td><a href=\"\/site\/fr\/agenda\/comite-technique-datagrandest-04032025\">Comit\u00e9 technique : bilan 2024, actualisation du programme 2025, \u00e9volution de la gouvernance, etc.<\/a> - Metz<\/td>\r\n<\/tr>\r\n<tr>\r\n<td>\r\n<p style=\"text-align: center;\">6 mars<\/p>\r\n<\/td>\r\n<td><a href=\"\/site\/fr\/agenda\/webinaire-actualites-juridique-et-presentation-du-service-dappui-juridique-datagrandest\">Webinaire : pr\u00e9sentation du service d'appui juridique DataGrandEst<\/a> - visio<\/td>\r\n<\/tr>\r\n<tr>\r\n<td>\r\n<p style=\"text-align: center;\">25 ou 27 mars<\/p>\r\n<\/td>\r\n<td><a href=\"\/site\/fr\/agenda\/comite-pilotage-datagrandest-25032025\">Comit\u00e9 de pilotage : bilan 2024 et perspectives 2025<\/a> - visio<\/td>\r\n<\/tr>\r\n<tr>\r\n<th colspan=\"2\">AVRIL<\/th>\r\n<\/tr>\r\n<tr>\r\n<td>\r\n<p style=\"text-align: center;\">3 avril<\/p>\r\n<\/td>\r\n<td><a href=\"\/site\/fr\/agenda\/webinaire-referentiel-national-batiments-rnb\">Webinaire : le R\u00e9f\u00e9rentiel National des B\u00e2timents (RNB)<\/a> - visio<\/td>\r\n<\/tr>\r\n<tr>\r\n<th colspan=\"2\">MAI<\/th>\r\n<\/tr>\r\n<tr>\r\n<td>\r\n<p style=\"text-align: center;\">De mai \u00e0 novembre<\/p>\r\n<\/td>\r\n<td>Ateliers \/ webinaires : le nouveau portail DataGrandEst - visio<\/td>\r\n<\/tr>\r\n<tr>\r\n<th colspan=\"2\">JUIN<\/th>\r\n<\/tr>\r\n<tr>\r\n<td>\r\n<p style=\"text-align: center;\">5 juin<\/p>\r\n<\/td>\r\n<td><a href=\"\/site\/fr\/agenda\/webinaire-objectif-zan\">Webinaire : Open data\u00a0<\/a>(titre \u00e0 pr\u00e9ciser) - visio\r\n<em>En raison de l'actualit\u00e9 nationnale, le webinaire \"Objectif ZAN !\" est repport\u00e9 \u00e0 une date ult\u00e9rieure<\/em><\/td>\r\n<\/tr>\r\n<tr>\r\n<td>\r\n<p style=\"text-align: center;\">17 juin<\/p>\r\n<\/td>\r\n<td><a href=\"\/site\/fr\/agenda\/journee-thematique-datagrandest-donnees-3d-et-lidar-quels-usages-pour-transition-ecologique\">Journ\u00e9e th\u00e9matique - Donn\u00e9es 3D et LIDAR : quels usages pour la transition \u00e9cologique ?<\/a> - Metz (H\u00f4tel de la R\u00e9gion Grand Est)<\/td>\r\n<\/tr>\r\n<tr>\r\n<th colspan=\"2\">JUILLET<\/th>\r\n<\/tr>\r\n<tr>\r\n<td style=\"text-align: center;\">3 juillet<\/td>\r\n<td><a href=\"\/site\/fr\/agenda\/webinaire-pcrs-ou-en-sommes-nous-en-grand-est-avant-echeances-2026\">Webinaire : PCRS, o\u00f9 en sommes-nous en Grand Est avant les \u00e9ch\u00e9ances de 2026 ?<\/a> - visio<\/td>\r\n<\/tr>\r\n<tr>\r\n<th colspan=\"2\">AO\u00dbT<\/th>\r\n<\/tr>\r\n<tr>\r\n<td colspan=\"2\">Aucun \u00e9v\u00e9nement programm\u00e9 au mois d'ao\u00fbt<\/td>\r\n<\/tr>\r\n<tr>\r\n<th colspan=\"2\">SEPTEMBRE<\/th>\r\n<\/tr>\r\n<tr>\r\n<td style=\"text-align: center;\">4 septembre<\/td>\r\n<td><a href=\"\/site\/fr\/agenda\/webinaire-enjeux-atouts-et-limites-solutions-sig-open-source\">Webinaire : Enjeux, atouts et limites des solutions SIG open source<\/a>\u00a0- visio<\/td>\r\n<\/tr>\r\n<tr>\r\n<td style=\"text-align: center;\">10 et 11 septembre<\/td>\r\n<td><a href=\"\/site\/fr\/agenda\/geodatadays-2025\">G\u00e9oDataDays 2025<\/a> - Marseille<\/td>\r\n<\/tr>\r\n<tr>\r\n<td style=\"text-align: center;\">18 septembre<\/td>\r\n<td><a href=\"\/site\/fr\/agenda\/comite-technique-datagrandest-18092025\">Comit\u00e9 technique : avancement de la mise en oeuvre du programme DataGrandEst<\/a> - visio<\/td>\r\n<\/tr>\r\n<tr>\r\n<th colspan=\"2\">OCTOBRE<\/th>\r\n<\/tr>\r\n<tr>\r\n<td style=\"text-align: center;\">3 au 5 octobre<\/td>\r\n<td><a href=\"\/site\/fr\/agenda\/festival-international-geographie-fig-2025\">Festival International de G\u00e9ographie<\/a> - St Di\u00e9 des Vosges<\/td>\r\n<\/tr>\r\n<tr>\r\n<td style=\"text-align: center;\">Fin octobre<\/td>\r\n<td>Ouverture du concours de datavisualisation 2025<\/td>\r\n<\/tr>\r\n<tr>\r\n<th colspan=\"2\">NOVEMBRE<\/th>\r\n<\/tr>\r\n<tr>\r\n<td style=\"text-align: center;\">6 novembre<\/td>\r\n<td><a href=\"\/site\/fr\/agenda\/webinaire-dispositifs-daides-pour-financer-projets-collectivites\">Webinaire : les dispositifs d'aides pour financer les projets data des collectivit\u00e9s<\/a> - visio<\/td>\r\n<\/tr>\r\n<tr>\r\n<td style=\"text-align: center;\">Fin novembre<\/td>\r\n<td>4\u00e8mes Rencontres r\u00e9gionales de la donn\u00e9e du Grand Est - Strasbourg (si\u00e8ge de la R\u00e9gion Grand Est)<\/td>\r\n<\/tr>\r\n<tr>\r\n<th colspan=\"2\">DECEMBRE<\/th>\r\n<\/tr>\r\n<tr>\r\n<td style=\"text-align: center;\">4 d\u00e9cembre<\/td>\r\n<td>Webinaire : sujet \u00e0 d\u00e9finir - visio<\/td>\r\n<\/tr>\r\n<tr>\r\n<td style=\"text-align: center;\">D\u00e9cembre 2025\r\nou en 2026<\/td>\r\n<td>Journ\u00e9e d\u00e9partementale : \u00e0 d\u00e9finir (d\u00e9partements 08, 52, 57, 67, 68 \/ Alsace)<\/td>\r\n<\/tr>\r\n<\/tbody>\r\n<\/table>","couleur_de_fond":"transparent","taille_de_la_zone":"large-content","position_texte":"center","image_de_fond":""}]},"yoast_head":"<!-- This site is optimized with the Yoast SEO plugin v27.4 - https:\/\/yoast.com\/product\/yoast-seo-wordpress\/ -->\n<title>Programme d&#039;animation DataGrandEst 2025 - DataGrandEst<\/title>\n<meta name=\"robots\" content=\"index, follow, max-snippet:-1, max-image-preview:large, max-video-preview:-1\" \/>\n<link rel=\"canonical\" href=\"https:\/\/www.datagrandest.fr\/site\/actualite\/programme-danimation-datagrandest-2025\/\" \/>\n<meta property=\"og:locale\" content=\"fr_FR\" \/>\n<meta property=\"og:type\" content=\"article\" \/>\n<meta property=\"og:title\" content=\"Programme d&#039;animation DataGrandEst 2025 - DataGrandEst\" \/>\n<meta property=\"og:url\" content=\"https:\/\/www.datagrandest.fr\/site\/actualite\/programme-danimation-datagrandest-2025\/\" \/>\n<meta property=\"og:site_name\" content=\"DataGrandEst\" \/>\n<meta property=\"article:modified_time\" content=\"2026-04-22T12:16:49+00:00\" \/>\n<meta name=\"twitter:card\" content=\"summary_large_image\" \/>\n<meta name=\"twitter:label1\" content=\"Dur\u00e9e de lecture estim\u00e9e\" \/>\n\t<meta name=\"twitter:data1\" content=\"3 minutes\" \/>\n<script type=\"application\/ld+json\" class=\"yoast-schema-graph\">{\"@context\":\"https:\\\/\\\/schema.org\",\"@graph\":[{\"@type\":\"WebPage\",\"@id\":\"https:\\\/\\\/www.datagrandest.fr\\\/site\\\/actualite\\\/programme-danimation-datagrandest-2025\\\/\",\"url\":\"https:\\\/\\\/www.datagrandest.fr\\\/site\\\/actualite\\\/programme-danimation-datagrandest-2025\\\/\",\"name\":\"Programme d'animation DataGrandEst 2025 - DataGrandEst\",\"isPartOf\":{\"@id\":\"https:\\\/\\\/www.datagrandest.fr\\\/site\\\/#website\"},\"datePublished\":\"2024-12-18T06:47:20+00:00\",\"dateModified\":\"2026-04-22T12:16:49+00:00\",\"breadcrumb\":{\"@id\":\"https:\\\/\\\/www.datagrandest.fr\\\/site\\\/actualite\\\/programme-danimation-datagrandest-2025\\\/#breadcrumb\"},\"inLanguage\":\"fr-FR\",\"potentialAction\":[{\"@type\":\"ReadAction\",\"target\":[\"https:\\\/\\\/www.datagrandest.fr\\\/site\\\/actualite\\\/programme-danimation-datagrandest-2025\\\/\"]}]},{\"@type\":\"BreadcrumbList\",\"@id\":\"https:\\\/\\\/www.datagrandest.fr\\\/site\\\/actualite\\\/programme-danimation-datagrandest-2025\\\/#breadcrumb\",\"itemListElement\":[{\"@type\":\"ListItem\",\"position\":1,\"name\":\"Accueil\",\"item\":\"https:\\\/\\\/www.datagrandest.fr\\\/site\\\/\"},{\"@type\":\"ListItem\",\"position\":2,\"name\":\"Actualit\u00e9s\",\"item\":\"https:\\\/\\\/www.datagrandest.fr\\\/site\\\/actualite\\\/\"},{\"@type\":\"ListItem\",\"position\":3,\"name\":\"Programme d&rsquo;animation DataGrandEst 2025\"}]},{\"@type\":\"WebSite\",\"@id\":\"https:\\\/\\\/www.datagrandest.fr\\\/site\\\/#website\",\"url\":\"https:\\\/\\\/www.datagrandest.fr\\\/site\\\/\",\"name\":\"DataGrandEst\",\"description\":\"\",\"potentialAction\":[{\"@type\":\"SearchAction\",\"target\":{\"@type\":\"EntryPoint\",\"urlTemplate\":\"https:\\\/\\\/www.datagrandest.fr\\\/site\\\/?s={search_term_string}\"},\"query-input\":{\"@type\":\"PropertyValueSpecification\",\"valueRequired\":true,\"valueName\":\"search_term_string\"}}],\"inLanguage\":\"fr-FR\"}]}<\/script>\n<!-- \/ Yoast SEO plugin. -->","yoast_head_json":{"title":"Programme d'animation DataGrandEst 2025 - DataGrandEst","robots":{"index":"index","follow":"follow","max-snippet":"max-snippet:-1","max-image-preview":"max-image-preview:large","max-video-preview":"max-video-preview:-1"},"canonical":"https:\/\/www.datagrandest.fr\/site\/actualite\/programme-danimation-datagrandest-2025\/","og_locale":"fr_FR","og_type":"article","og_title":"Programme d'animation DataGrandEst 2025 - DataGrandEst","og_url":"https:\/\/www.datagrandest.fr\/site\/actualite\/programme-danimation-datagrandest-2025\/","og_site_name":"DataGrandEst","article_modified_time":"2026-04-22T12:16:49+00:00","twitter_card":"summary_large_image","twitter_misc":{"Dur\u00e9e de lecture estim\u00e9e":"3 minutes"},"schema":{"@context":"https:\/\/schema.org","@graph":[{"@type":"WebPage","@id":"https:\/\/www.datagrandest.fr\/site\/actualite\/programme-danimation-datagrandest-2025\/","url":"https:\/\/www.datagrandest.fr\/site\/actualite\/programme-danimation-datagrandest-2025\/","name":"Programme d'animation DataGrandEst 2025 - DataGrandEst","isPartOf":{"@id":"https:\/\/www.datagrandest.fr\/site\/#website"},"datePublished":"2024-12-18T06:47:20+00:00","dateModified":"2026-04-22T12:16:49+00:00","breadcrumb":{"@id":"https:\/\/www.datagrandest.fr\/site\/actualite\/programme-danimation-datagrandest-2025\/#breadcrumb"},"inLanguage":"fr-FR","potentialAction":[{"@type":"ReadAction","target":["https:\/\/www.datagrandest.fr\/site\/actualite\/programme-danimation-datagrandest-2025\/"]}]},{"@type":"BreadcrumbList","@id":"https:\/\/www.datagrandest.fr\/site\/actualite\/programme-danimation-datagrandest-2025\/#breadcrumb","itemListElement":[{"@type":"ListItem","position":1,"name":"Accueil","item":"https:\/\/www.datagrandest.fr\/site\/"},{"@type":"ListItem","position":2,"name":"Actualit\u00e9s","item":"https:\/\/www.datagrandest.fr\/site\/actualite\/"},{"@type":"ListItem","position":3,"name":"Programme d&rsquo;animation DataGrandEst 2025"}]},{"@type":"WebSite","@id":"https:\/\/www.datagrandest.fr\/site\/#website","url":"https:\/\/www.datagrandest.fr\/site\/","name":"DataGrandEst","description":"","potentialAction":[{"@type":"SearchAction","target":{"@type":"EntryPoint","urlTemplate":"https:\/\/www.datagrandest.fr\/site\/?s={search_term_string}"},"query-input":{"@type":"PropertyValueSpecification","valueRequired":true,"valueName":"search_term_string"}}],"inLanguage":"fr-FR"}]}},"_links":{"self":[{"href":"https:\/\/www.datagrandest.fr\/site\/wp-json\/wp\/v2\/actualite\/999","targetHints":{"allow":["GET"]}}],"collection":[{"href":"https:\/\/www.datagrandest.fr\/site\/wp-json\/wp\/v2\/actualite"}],"about":[{"href":"https:\/\/www.datagrandest.fr\/site\/wp-json\/wp\/v2\/types\/actualite"}],"version-history":[{"count":5,"href":"https:\/\/www.datagrandest.fr\/site\/wp-json\/wp\/v2\/actualite\/999\/revisions"}],"predecessor-version":[{"id":5631,"href":"https:\/\/www.datagrandest.fr\/site\/wp-json\/wp\/v2\/actualite\/999\/revisions\/5631"}],"wp:attachment":[{"href":"https:\/\/www.datagrandest.fr\/site\/wp-json\/wp\/v2\/media?parent=999"}],"wp:term":[{"taxonomy":"source","embeddable":true,"href":"https:\/\/www.datagrandest.fr\/site\/wp-json\/wp\/v2\/source?post=999"},{"taxonomy":"thematique_globale","embeddable":true,"href":"https:\/\/www.datagrandest.fr\/site\/wp-json\/wp\/v2\/thematique_globale?post=999"}],"curies":[{"name":"wp","href":"https:\/\/api.w.org\/{rel}","templated":true}]}}